
{"id":499,"date":"2010-09-21T19:56:22","date_gmt":"2010-09-21T22:56:22","guid":{"rendered":"http:\/\/sudoestehoje.tempsite.ws\/novoportal\/?p=499"},"modified":"2010-09-22T17:00:41","modified_gmt":"2010-09-22T20:00:41","slug":"dilma-diz-em-salvador-que-o-seu-candidato-e-wagner","status":"publish","type":"post","link":"https:\/\/www.sudoestehoje.com.br\/novoportal\/2010\/09\/21\/dilma-diz-em-salvador-que-o-seu-candidato-e-wagner\/","title":{"rendered":"DILMA DIZ EM SALVADOR QUE O SEU CANDIDATO \u00c9 WAGNER"},"content":{"rendered":"<div><a href=\"http:\/\/www.politicalivre.com.br\/wp-content\/uploads\/2010\/09\/dilma_ssa.jpg\"><\/a><\/p>\n<div style=\"text-align: center;\"><a href=\"http:\/\/www.politicalivre.com.br\/wp-content\/uploads\/2010\/09\/dilma_ssa.jpg\"><img loading=\"lazy\" decoding=\"async\" title=\"dilma_ssa\" src=\"http:\/\/www.politicalivre.com.br\/wp-content\/uploads\/2010\/09\/dilma_ssa-300x224.jpg\" border=\"0\" alt=\"\" width=\"441\" height=\"329\" \/><\/a><\/div>\n<div style=\"text-align: center;\"><a href=\"http:\/\/www.politicalivre.com.br\/wp-content\/uploads\/2010\/09\/dilma_ssa.jpg\">Dilma declara o que todos j\u00e1 sabiam: ap\u00f3ia Wagner<\/a><\/div>\n<p>SALVADOR:  Primeiro foi Lula, agora foi a candidata do PT \u00e0 Presid\u00eancia, Dilma  Rousseff, que deixou ainda mais claro hoje, em Salvador, a sua  predile\u00e7\u00e3o pela candidatura do governador Jaques Wagner (PT). A petista  reconheceu que Geddel Vieira Lima (PMDB) \u00e9 da sua base, tem o seu apoio,  mas disse ter se decidido por seu colega de partido em detrimento do  outro candidato, pelo fato de o peemedebista n\u00e3o pontuar bem nas  pesquisas e querer garantir a reelei\u00e7\u00e3o do atual governador. Politica  Livre<\/p>\n<\/div>\n","protected":false},"excerpt":{"rendered":"<p>Dilma declara o que todos j\u00e1 sabiam: ap\u00f3ia Wagner SALVADOR: Primeiro foi Lula, agora foi a candidata do PT \u00e0 Presid\u00eancia, Dilma Rousseff, que deixou ainda mais claro hoje, em Salvador, a sua predile\u00e7\u00e3o pela candidatura do governador Jaques Wagner (PT). A petista reconheceu que Geddel Vieira Lima (PMDB) \u00e9 da sua base, tem o [&hellip;]<\/p>\n","protected":false},"author":1,"featured_media":0,"comment_status":"open","ping_status":"open","sticky":false,"template":"","format":"standard","meta":{"footnotes":"","_links_to":"","_links_to_target":""},"categories":[1],"tags":[],"class_list":["post-499","post","type-post","status-publish","format-standard","hentry","category-geral"],"views":1155,"_links":{"self":[{"href":"https:\/\/www.sudoestehoje.com.br\/novoportal\/wp-json\/wp\/v2\/posts\/499","targetHints":{"allow":["GET"]}}],"collection":[{"href":"https:\/\/www.sudoestehoje.com.br\/novoportal\/wp-json\/wp\/v2\/posts"}],"about":[{"href":"https:\/\/www.sudoestehoje.com.br\/novoportal\/wp-json\/wp\/v2\/types\/post"}],"author":[{"embeddable":true,"href":"https:\/\/www.sudoestehoje.com.br\/novoportal\/wp-json\/wp\/v2\/users\/1"}],"replies":[{"embeddable":true,"href":"https:\/\/www.sudoestehoje.com.br\/novoportal\/wp-json\/wp\/v2\/comments?post=499"}],"version-history":[{"count":3,"href":"https:\/\/www.sudoestehoje.com.br\/novoportal\/wp-json\/wp\/v2\/posts\/499\/revisions"}],"predecessor-version":[{"id":592,"href":"https:\/\/www.sudoestehoje.com.br\/novoportal\/wp-json\/wp\/v2\/posts\/499\/revisions\/592"}],"wp:attachment":[{"href":"https:\/\/www.sudoestehoje.com.br\/novoportal\/wp-json\/wp\/v2\/media?parent=499"}],"wp:term":[{"taxonomy":"category","embeddable":true,"href":"https:\/\/www.sudoestehoje.com.br\/novoportal\/wp-json\/wp\/v2\/categories?post=499"},{"taxonomy":"post_tag","embeddable":true,"href":"https:\/\/www.sudoestehoje.com.br\/novoportal\/wp-json\/wp\/v2\/tags?post=499"}],"curies":[{"name":"wp","href":"https:\/\/api.w.org\/{rel}","templated":true}]}}