
{"id":49886,"date":"2015-06-10T22:41:23","date_gmt":"2015-06-11T01:41:23","guid":{"rendered":"http:\/\/www.sudoestehoje.com.br\/novoportal\/?p=49886"},"modified":"2015-06-11T20:32:57","modified_gmt":"2015-06-11T23:32:57","slug":"camara-aprova-mandato-de-5-anos-a-partir-de-2022-e-mantem-voto-obrigatorio","status":"publish","type":"post","link":"https:\/\/www.sudoestehoje.com.br\/novoportal\/2015\/06\/10\/camara-aprova-mandato-de-5-anos-a-partir-de-2022-e-mantem-voto-obrigatorio\/","title":{"rendered":"C\u00c2MARA APROVA MANDATO DE 5 ANOS E MANT\u00c9M VOTO OBRIGAT\u00d3RIO"},"content":{"rendered":"<p><a href=\"http:\/\/www.sudoestehoje.com.br\/novoportal\/wp-content\/uploads\/2015\/06\/CAmara.jpg\"><img loading=\"lazy\" decoding=\"async\" class=\"aligncenter size-medium wp-image-49888\" src=\"http:\/\/www.sudoestehoje.com.br\/novoportal\/wp-content\/uploads\/2015\/06\/CAmara-500x300.jpg\" alt=\"CAmara\" width=\"500\" height=\"300\" srcset=\"https:\/\/www.sudoestehoje.com.br\/novoportal\/wp-content\/uploads\/2015\/06\/CAmara-500x300.jpg 500w, https:\/\/www.sudoestehoje.com.br\/novoportal\/wp-content\/uploads\/2015\/06\/CAmara-150x90.jpg 150w, https:\/\/www.sudoestehoje.com.br\/novoportal\/wp-content\/uploads\/2015\/06\/CAmara.jpg 699w\" sizes=\"auto, (max-width: 500px) 100vw, 500px\" \/><\/a><\/p>\n<p>BRAS\u00cdLIA &#8211; Por 348 votos a favor e 110 contra, a C\u00e2mara aprovou ontem, em primeiro turno, o aumento de quatro para cinco anos dos mandatos do Executivo e do Legislativo. A medida atingiria a partir de 2022 o presidente da Rep\u00fablica, governadores, senadores e deputados.<\/p>\n<p>Pelo texto original aprovado, os prefeitos e vereadores j\u00e1 seriam afetados nas elei\u00e7\u00f5es de 2016. O aumento dos mandatos vem duas semanas ap\u00f3s a C\u00e2mara aprovar, tamb\u00e9m em primeiro turno, o fim da reelei\u00e7\u00e3o para os cargos executivos.<\/p>\n<p>As mudan\u00e7as ter\u00e3o que ser aprovadas em mais um turno na C\u00e2mara e outras duas vezes no Senado. No in\u00edcio da sess\u00e3o de ontem, a C\u00e2mara rejeitou o fim do voto obrigat\u00f3rio.<\/p>\n<p><img loading=\"lazy\" decoding=\"async\" class=\" aligncenter\" src=\"http:\/\/2.bp.blogspot.com\/-70-eOs__L20\/VPCyusPhXRI\/AAAAAAAACAQ\/KHorKekdACs\/s640\/tarug%C3%A3o1.jpg\" alt=\"\" width=\"501\" height=\"141\" \/><\/p>\n","protected":false},"excerpt":{"rendered":"<p>BRAS\u00cdLIA &#8211; Por 348 votos a favor e 110 contra, a C\u00e2mara aprovou ontem, em primeiro turno, o aumento de quatro para cinco anos dos mandatos do Executivo e do Legislativo. A medida atingiria a partir de 2022 o presidente da Rep\u00fablica, governadores, senadores e deputados. Pelo texto original aprovado, os prefeitos e vereadores j\u00e1 [&hellip;]<\/p>\n","protected":false},"author":2,"featured_media":0,"comment_status":"open","ping_status":"open","sticky":false,"template":"","format":"standard","meta":{"footnotes":"","_links_to":"","_links_to_target":""},"categories":[1],"tags":[],"class_list":["post-49886","post","type-post","status-publish","format-standard","hentry","category-geral"],"views":1320,"_links":{"self":[{"href":"https:\/\/www.sudoestehoje.com.br\/novoportal\/wp-json\/wp\/v2\/posts\/49886","targetHints":{"allow":["GET"]}}],"collection":[{"href":"https:\/\/www.sudoestehoje.com.br\/novoportal\/wp-json\/wp\/v2\/posts"}],"about":[{"href":"https:\/\/www.sudoestehoje.com.br\/novoportal\/wp-json\/wp\/v2\/types\/post"}],"author":[{"embeddable":true,"href":"https:\/\/www.sudoestehoje.com.br\/novoportal\/wp-json\/wp\/v2\/users\/2"}],"replies":[{"embeddable":true,"href":"https:\/\/www.sudoestehoje.com.br\/novoportal\/wp-json\/wp\/v2\/comments?post=49886"}],"version-history":[{"count":4,"href":"https:\/\/www.sudoestehoje.com.br\/novoportal\/wp-json\/wp\/v2\/posts\/49886\/revisions"}],"predecessor-version":[{"id":49926,"href":"https:\/\/www.sudoestehoje.com.br\/novoportal\/wp-json\/wp\/v2\/posts\/49886\/revisions\/49926"}],"wp:attachment":[{"href":"https:\/\/www.sudoestehoje.com.br\/novoportal\/wp-json\/wp\/v2\/media?parent=49886"}],"wp:term":[{"taxonomy":"category","embeddable":true,"href":"https:\/\/www.sudoestehoje.com.br\/novoportal\/wp-json\/wp\/v2\/categories?post=49886"},{"taxonomy":"post_tag","embeddable":true,"href":"https:\/\/www.sudoestehoje.com.br\/novoportal\/wp-json\/wp\/v2\/tags?post=49886"}],"curies":[{"name":"wp","href":"https:\/\/api.w.org\/{rel}","templated":true}]}}