
{"id":49872,"date":"2015-06-10T13:52:15","date_gmt":"2015-06-10T16:52:15","guid":{"rendered":"http:\/\/www.sudoestehoje.com.br\/novoportal\/?p=49872"},"modified":"2015-06-11T20:34:33","modified_gmt":"2015-06-11T23:34:33","slug":"alecio-confirma-denuncia-contra-surrupiadores-de-ata-na-prefeitura","status":"publish","type":"post","link":"https:\/\/www.sudoestehoje.com.br\/novoportal\/2015\/06\/10\/alecio-confirma-denuncia-contra-surrupiadores-de-ata-na-prefeitura\/","title":{"rendered":"AL\u00c9CIO CONFIRMA DEN\u00daNCIA CONTRA SURRUPIADORES DE ATA NA PREFEITURA"},"content":{"rendered":"<p><a href=\"http:\/\/www.sudoestehoje.com.br\/novoportal\/wp-content\/uploads\/2015\/06\/queixa-1.jpg\"><img loading=\"lazy\" decoding=\"async\" class=\"aligncenter size-medium wp-image-49873\" src=\"http:\/\/www.sudoestehoje.com.br\/novoportal\/wp-content\/uploads\/2015\/06\/queixa-1-500x281.jpg\" alt=\"queixa 1\" width=\"500\" height=\"281\" srcset=\"https:\/\/www.sudoestehoje.com.br\/novoportal\/wp-content\/uploads\/2015\/06\/queixa-1-500x281.jpg 500w, https:\/\/www.sudoestehoje.com.br\/novoportal\/wp-content\/uploads\/2015\/06\/queixa-1-700x393.jpg 700w, https:\/\/www.sudoestehoje.com.br\/novoportal\/wp-content\/uploads\/2015\/06\/queixa-1-150x84.jpg 150w, https:\/\/www.sudoestehoje.com.br\/novoportal\/wp-content\/uploads\/2015\/06\/queixa-1.jpg 960w\" sizes=\"auto, (max-width: 500px) 100vw, 500px\" \/><\/a><\/p>\n<p>Na manh\u00e3 desta quarta-feira, o vice-prefeito Al\u00e9cio Chaves compareceu ao Complexo Policial de Itapetinga, para oficializar a queixa contra servidores da prefeitura, acusados de se apropriarem de uma ata no gabinete do prefeito, na noite da \u00faltima quinta-feira (4), para reempossar o prefeito Z\u00e9 Carlos, na calada da noite.<\/p>\n<p>Acompanhado do advogado Juraci Nunes, Al\u00e9cio foi ouvido pelo pr\u00f3prio Delegado Regional, Dr. Ant\u00f4nio Roberto Junior, que recebeu formalmente a queixa e as provas, garantindo que todas as provid\u00eancias ser\u00e3o adotadas para apurar os fatos delituosos e encaminhar para a justi\u00e7a o resultado do final inqu\u00e9rito policial que ser\u00e1 instaurado, para que os envolvidos sejam responsabilizados criminalmente.<\/p>\n<p><a href=\"http:\/\/www.sudoestehoje.com.br\/novoportal\/wp-content\/uploads\/2015\/06\/queixa-2.jpg\"><img loading=\"lazy\" decoding=\"async\" class=\"aligncenter size-medium wp-image-49874\" src=\"http:\/\/www.sudoestehoje.com.br\/novoportal\/wp-content\/uploads\/2015\/06\/queixa-2-500x281.jpg\" alt=\"queixa 2\" width=\"500\" height=\"281\" srcset=\"https:\/\/www.sudoestehoje.com.br\/novoportal\/wp-content\/uploads\/2015\/06\/queixa-2-500x281.jpg 500w, https:\/\/www.sudoestehoje.com.br\/novoportal\/wp-content\/uploads\/2015\/06\/queixa-2-700x393.jpg 700w, https:\/\/www.sudoestehoje.com.br\/novoportal\/wp-content\/uploads\/2015\/06\/queixa-2-150x84.jpg 150w, https:\/\/www.sudoestehoje.com.br\/novoportal\/wp-content\/uploads\/2015\/06\/queixa-2.jpg 960w\" sizes=\"auto, (max-width: 500px) 100vw, 500px\" \/><\/a><\/p>\n<p>Um v\u00eddeo que identifica todos os envolvidos no delito foi tamb\u00e9m entregue ao delegado, que j\u00e1 sabe quem s\u00e3o os acusados, por serem figuras conhecidas na comunidade.<\/p>\n<p>A den\u00fancia j\u00e1 havia sido encaminhada na delegacia, na \u00faltima segunda-feira, como o Sudoeste Hoje j\u00e1 havia antecipado, mas o delegado Roberto Junior estava em Salvador e designou a audi\u00eancia para o seu retorno, o que veio a ocorrer nesta quinta.<\/p>\n<p>Aguardem mais informa\u00e7\u00f5es.<\/p>\n<p><strong><em>Por Davi Ferraz<\/em><\/strong><\/p>\n<p><img decoding=\"async\" class=\"aligncenter\" src=\"http:\/\/www.sudoestehoje.com.br\/novoportal\/wp-content\/uploads\/2014\/12\/Banner-Casabella-500x104.jpg\" alt=\"Banner Casabella\" \/><\/p>\n","protected":false},"excerpt":{"rendered":"<p>Na manh\u00e3 desta quarta-feira, o vice-prefeito Al\u00e9cio Chaves compareceu ao Complexo Policial de Itapetinga, para oficializar a queixa contra servidores da prefeitura, acusados de se apropriarem de uma ata no gabinete do prefeito, na noite da \u00faltima quinta-feira (4), para reempossar o prefeito Z\u00e9 Carlos, na calada da noite. Acompanhado do advogado Juraci Nunes, Al\u00e9cio [&hellip;]<\/p>\n","protected":false},"author":2,"featured_media":0,"comment_status":"open","ping_status":"open","sticky":false,"template":"","format":"standard","meta":{"footnotes":"","_links_to":"","_links_to_target":""},"categories":[1],"tags":[],"class_list":["post-49872","post","type-post","status-publish","format-standard","hentry","category-geral"],"views":2237,"_links":{"self":[{"href":"https:\/\/www.sudoestehoje.com.br\/novoportal\/wp-json\/wp\/v2\/posts\/49872","targetHints":{"allow":["GET"]}}],"collection":[{"href":"https:\/\/www.sudoestehoje.com.br\/novoportal\/wp-json\/wp\/v2\/posts"}],"about":[{"href":"https:\/\/www.sudoestehoje.com.br\/novoportal\/wp-json\/wp\/v2\/types\/post"}],"author":[{"embeddable":true,"href":"https:\/\/www.sudoestehoje.com.br\/novoportal\/wp-json\/wp\/v2\/users\/2"}],"replies":[{"embeddable":true,"href":"https:\/\/www.sudoestehoje.com.br\/novoportal\/wp-json\/wp\/v2\/comments?post=49872"}],"version-history":[{"count":4,"href":"https:\/\/www.sudoestehoje.com.br\/novoportal\/wp-json\/wp\/v2\/posts\/49872\/revisions"}],"predecessor-version":[{"id":49927,"href":"https:\/\/www.sudoestehoje.com.br\/novoportal\/wp-json\/wp\/v2\/posts\/49872\/revisions\/49927"}],"wp:attachment":[{"href":"https:\/\/www.sudoestehoje.com.br\/novoportal\/wp-json\/wp\/v2\/media?parent=49872"}],"wp:term":[{"taxonomy":"category","embeddable":true,"href":"https:\/\/www.sudoestehoje.com.br\/novoportal\/wp-json\/wp\/v2\/categories?post=49872"},{"taxonomy":"post_tag","embeddable":true,"href":"https:\/\/www.sudoestehoje.com.br\/novoportal\/wp-json\/wp\/v2\/tags?post=49872"}],"curies":[{"name":"wp","href":"https:\/\/api.w.org\/{rel}","templated":true}]}}