
{"id":49832,"date":"2015-06-08T13:04:33","date_gmt":"2015-06-08T16:04:33","guid":{"rendered":"http:\/\/www.sudoestehoje.com.br\/novoportal\/?p=49832"},"modified":"2015-06-08T13:04:33","modified_gmt":"2015-06-08T16:04:33","slug":"ze-carlos-recua-mantem-tiquinho-no-saae-e-exonera-alecistas","status":"publish","type":"post","link":"https:\/\/www.sudoestehoje.com.br\/novoportal\/2015\/06\/08\/ze-carlos-recua-mantem-tiquinho-no-saae-e-exonera-alecistas\/","title":{"rendered":"Z\u00c9 CARLOS RECUA, MANT\u00c9M TIQUINHO NO SAAE E EXONERA &#8220;ALECISTAS&#8221;"},"content":{"rendered":"<p><a href=\"http:\/\/www.sudoestehoje.com.br\/novoportal\/wp-content\/uploads\/2015\/06\/Z\u00c9-CARLOS-ATUAL.jpg\"><img loading=\"lazy\" decoding=\"async\" class=\"aligncenter size-medium wp-image-49834\" src=\"http:\/\/www.sudoestehoje.com.br\/novoportal\/wp-content\/uploads\/2015\/06\/Z\u00c9-CARLOS-ATUAL-500x531.jpg\" alt=\"Z\u00c9 CARLOS ATUAL\" width=\"500\" height=\"531\" srcset=\"https:\/\/www.sudoestehoje.com.br\/novoportal\/wp-content\/uploads\/2015\/06\/Z\u00c9-CARLOS-ATUAL-500x531.jpg 500w, https:\/\/www.sudoestehoje.com.br\/novoportal\/wp-content\/uploads\/2015\/06\/Z\u00c9-CARLOS-ATUAL-700x744.jpg 700w, https:\/\/www.sudoestehoje.com.br\/novoportal\/wp-content\/uploads\/2015\/06\/Z\u00c9-CARLOS-ATUAL-141x150.jpg 141w, https:\/\/www.sudoestehoje.com.br\/novoportal\/wp-content\/uploads\/2015\/06\/Z\u00c9-CARLOS-ATUAL.jpg 719w\" sizes=\"auto, (max-width: 500px) 100vw, 500px\" \/><\/a><\/p>\n<p>Depois das den\u00fancias do Sudoeste Hoje e diante da indigna\u00e7\u00e3o popular, o prefeito Z\u00e9 Carlos recuou da decis\u00e3o de nomear o advogado Tiquinho para a Secretaria de Finan\u00e7as, mantendo tudo como estava, antes do seu afastamento.<\/p>\n<p>No rol dos demitidos, n\u00e3o foram confirmadas as exonera\u00e7\u00f5es de Renan Gusm\u00e3o e do secret\u00e1rio &#8216;Boquinha&#8217;, que supostamente teriam apoiado o vice-prefeito Al\u00e9cio Chaves, durante os 70 dias em que substituiu Z\u00e9 Carlos.<\/p>\n<p>Confira a lista dos renomeados e exonerados:<\/p>\n<p>Foram renomeados Jeremias Pereira, para a Secretaria Municipal de Governo;\u00a0\u00a0Ricardo Dutra, para a Secretaria Municipal de Finan\u00e7as; Dr. Emmanoel Souza Santos, para a Secretaria Municipal de Sa\u00fade; Hild\u00e9rico Nogueira, para o cargo de Diretor do SAAE e Edineide Lousado, para o cargo de pregoeira.<\/p>\n<p>Foram exonerados\u00a0Juraci Nunes de Oliveira, que ocupou o cargo de Secret\u00e1rio Municipal de Governo;\u00a0Adriana Lemos, que ocupava o cargo de Secret\u00e1ria de Sa\u00fade;\u00a0Jolimar Fernandes, que ocupou o cargo de Secret\u00e1rio Municipal de Finan\u00e7as;\u00a0Maur\u00edcio Gomes, do cargo de Diretor do SAAE;\u00a0Augusto Andrade de Souza, Chefe de Divis\u00e3o de Educa\u00e7\u00e3o Infantil na Secretaria Municipal de Educa\u00e7\u00e3o;\u00a0F\u00e1bio Nogueira, que ocupava o cargo de Chefe de Divis\u00e3o na Secretaria Municipal de Planejamento.<\/p>\n<p>Todos os exonerados haviam sido nomeados por Al\u00e9cio Chaves, com exce\u00e7\u00e3o de Augusto Andrade Souza, que foi demitido por ser cunhado de Al\u00e9cio Cheves, e F\u00e1bio Nogueira, porque compartilhou no Facebook uma foto-montagem em que Al\u00e9cio aparecia com Super-Her\u00f3i.<\/p>\n<p>Os nomeados j\u00e1 est\u00e3o sendo empossados no quintal da casa do prefeito, no Recanto da Colina, local onde foi instalada a sede do executivo municipal, j\u00e1 que o Z\u00e9 Carlos se nega a comparecer \u00e0 prefeitura, desde o ano passado.<\/p>\n<p><strong><em>Por Davi Ferraz<\/em><\/strong><\/p>\n","protected":false},"excerpt":{"rendered":"<p>Depois das den\u00fancias do Sudoeste Hoje e diante da indigna\u00e7\u00e3o popular, o prefeito Z\u00e9 Carlos recuou da decis\u00e3o de nomear o advogado Tiquinho para a Secretaria de Finan\u00e7as, mantendo tudo como estava, antes do seu afastamento. No rol dos demitidos, n\u00e3o foram confirmadas as exonera\u00e7\u00f5es de Renan Gusm\u00e3o e do secret\u00e1rio &#8216;Boquinha&#8217;, que supostamente teriam [&hellip;]<\/p>\n","protected":false},"author":2,"featured_media":0,"comment_status":"open","ping_status":"open","sticky":false,"template":"","format":"standard","meta":{"footnotes":"","_links_to":"","_links_to_target":""},"categories":[1],"tags":[],"class_list":["post-49832","post","type-post","status-publish","format-standard","hentry","category-geral"],"views":1273,"_links":{"self":[{"href":"https:\/\/www.sudoestehoje.com.br\/novoportal\/wp-json\/wp\/v2\/posts\/49832","targetHints":{"allow":["GET"]}}],"collection":[{"href":"https:\/\/www.sudoestehoje.com.br\/novoportal\/wp-json\/wp\/v2\/posts"}],"about":[{"href":"https:\/\/www.sudoestehoje.com.br\/novoportal\/wp-json\/wp\/v2\/types\/post"}],"author":[{"embeddable":true,"href":"https:\/\/www.sudoestehoje.com.br\/novoportal\/wp-json\/wp\/v2\/users\/2"}],"replies":[{"embeddable":true,"href":"https:\/\/www.sudoestehoje.com.br\/novoportal\/wp-json\/wp\/v2\/comments?post=49832"}],"version-history":[{"count":3,"href":"https:\/\/www.sudoestehoje.com.br\/novoportal\/wp-json\/wp\/v2\/posts\/49832\/revisions"}],"predecessor-version":[{"id":49836,"href":"https:\/\/www.sudoestehoje.com.br\/novoportal\/wp-json\/wp\/v2\/posts\/49832\/revisions\/49836"}],"wp:attachment":[{"href":"https:\/\/www.sudoestehoje.com.br\/novoportal\/wp-json\/wp\/v2\/media?parent=49832"}],"wp:term":[{"taxonomy":"category","embeddable":true,"href":"https:\/\/www.sudoestehoje.com.br\/novoportal\/wp-json\/wp\/v2\/categories?post=49832"},{"taxonomy":"post_tag","embeddable":true,"href":"https:\/\/www.sudoestehoje.com.br\/novoportal\/wp-json\/wp\/v2\/tags?post=49832"}],"curies":[{"name":"wp","href":"https:\/\/api.w.org\/{rel}","templated":true}]}}