
{"id":49821,"date":"2015-06-07T18:19:29","date_gmt":"2015-06-07T21:19:29","guid":{"rendered":"http:\/\/www.sudoestehoje.com.br\/novoportal\/?p=49821"},"modified":"2015-06-07T19:29:41","modified_gmt":"2015-06-07T22:29:41","slug":"ze-carlos-readmite-secretarios-demitidos-por-alecio-com-modificacoes","status":"publish","type":"post","link":"https:\/\/www.sudoestehoje.com.br\/novoportal\/2015\/06\/07\/ze-carlos-readmite-secretarios-demitidos-por-alecio-com-modificacoes\/","title":{"rendered":"Z\u00c9 CARLOS READMITE SECRET\u00c1RIOS DEMITIDOS POR AL\u00c9CIO, COM MODIFICA\u00c7\u00d5ES"},"content":{"rendered":"<div id=\"attachment_49823\" style=\"width: 510px\" class=\"wp-caption aligncenter\"><a href=\"http:\/\/www.sudoestehoje.com.br\/novoportal\/wp-content\/uploads\/2015\/06\/concruso.png\"><img loading=\"lazy\" decoding=\"async\" aria-describedby=\"caption-attachment-49823\" class=\"size-medium wp-image-49823\" src=\"http:\/\/www.sudoestehoje.com.br\/novoportal\/wp-content\/uploads\/2015\/06\/concruso-500x282.png\" alt=\"Foto arquivo \" width=\"500\" height=\"282\" srcset=\"https:\/\/www.sudoestehoje.com.br\/novoportal\/wp-content\/uploads\/2015\/06\/concruso-500x282.png 500w, https:\/\/www.sudoestehoje.com.br\/novoportal\/wp-content\/uploads\/2015\/06\/concruso-700x395.png 700w, https:\/\/www.sudoestehoje.com.br\/novoportal\/wp-content\/uploads\/2015\/06\/concruso-150x85.png 150w, https:\/\/www.sudoestehoje.com.br\/novoportal\/wp-content\/uploads\/2015\/06\/concruso.png 988w\" sizes=\"auto, (max-width: 500px) 100vw, 500px\" \/><\/a><p id=\"caption-attachment-49823\" class=\"wp-caption-text\">Foto arquivo<\/p><\/div>\n<p>Durante v\u00e1rias horas, neste domingo (7), \u00a0o prefeito Z\u00e9 Carlos se reuniu, em sua resid\u00eancia, com sua antiga equipe de governo, para acertar o seu retorno e recompor o secretariado sumariamente demitido pelo vice-prefeito Al\u00e9cio Chaves, durante o seu per\u00edodo de afastamento para tratamento de sa\u00fade.<\/p>\n<p>De acordo com fontes ligadas \u00e0 administra\u00e7\u00e3o municipal, todos os demitidos retornam, por\u00e9m muitas modifica\u00e7\u00f5es dever\u00e3o ocorrer.\u00a0A principal delas dever\u00e1 ser a nomea\u00e7\u00e3o do advogado Hild\u00e9rico Nogueira (Tiquinho), para a Secretaria de Finan\u00e7as, por exig\u00eancia de Romildo Teixeira e do pr\u00f3prio Tiquinho, o que foi prontamente atendido por Z\u00e9 Carlos, com o aval da primeira dama Cida Moura.<\/p>\n<p>OUTRAS ALTERA\u00c7\u00d5ES:<\/p>\n<p>Segundo as informa\u00e7\u00f5es obtidas pelo Sudoeste Hoje, a vereadora N\u00eddia Oliveira dever\u00e1 assumir a Secretaria do Desenvolvimento Social, Dr. Emmanoel Santos reassume a Secretaria de Sa\u00fade, Ricardo Dutra foi escanteado e deve assumir a Dire\u00e7\u00e3o do SAAE e Jeremias Pereira retorna ao Gabinete do Prefeito. Falam ainda que a atual secret\u00e1ria de Desenvolvimento Social, Ver\u00f4nica Rodrigues, ser\u00e1 deslocada para a Secretaria de Administra\u00e7\u00e3o. Sibele Nery continua &#8216;imex\u00edvel&#8217;, a pedido do deputado Rosemberg Pinto, seu santo protetor.<\/p>\n<p>Dever\u00e3o ser exonerados Juraci Nunes, Maur\u00edcio Gomes, Renan Gusm\u00e3o (vai pedir exonera\u00e7\u00e3o), Carlos Alberto (Boquinha) e, talvez, o petista Sidney Mendes, considerados pelo grupo de Z\u00e9 Carlos como &#8220;ligados&#8221; ao vice-prefeito Al\u00e9cio Chaves.<\/p>\n<p>Estas modifica\u00e7\u00f5es na equipe de governo ainda n\u00e3o est\u00e3o confirmadas oficialmente, mas dever\u00e3o ser publicadas no Di\u00e1rio Oficial do Munic\u00edpio, desta segunda-feira, com uma ou outra altera\u00e7\u00e3o.<\/p>\n<p>A partir destas modifica\u00e7\u00f5es no governo, a tend\u00eancia \u00e9 de que o grupo de Z\u00e9 Carlos se afaste gradativamente do PT de Rosemberg, enquanto Al\u00e9cio Chaves s\u00f3 fica no PT se tiver todas as garantias de que ser\u00e1 o candidato a prefeito do partido em 2016.<\/p>\n<p>Equa\u00e7\u00e3o muito dif\u00edcil de ser resolvida&#8230;<\/p>\n<p><strong><em>Por Davi Ferraz<\/em><\/strong><\/p>\n<p><img decoding=\"async\" class=\"aligncenter\" src=\"http:\/\/www.sudoestehoje.com.br\/novoportal\/wp-content\/uploads\/2015\/02\/NOVO-BANNER-COOLEITE-500x250.jpg\" alt=\"NOVO BANNER COOLEITE\" \/><\/p>\n","protected":false},"excerpt":{"rendered":"<p>Durante v\u00e1rias horas, neste domingo (7), \u00a0o prefeito Z\u00e9 Carlos se reuniu, em sua resid\u00eancia, com sua antiga equipe de governo, para acertar o seu retorno e recompor o secretariado sumariamente demitido pelo vice-prefeito Al\u00e9cio Chaves, durante o seu per\u00edodo de afastamento para tratamento de sa\u00fade. De acordo com fontes ligadas \u00e0 administra\u00e7\u00e3o municipal, todos [&hellip;]<\/p>\n","protected":false},"author":2,"featured_media":0,"comment_status":"open","ping_status":"open","sticky":false,"template":"","format":"standard","meta":{"footnotes":"","_links_to":"","_links_to_target":""},"categories":[1],"tags":[],"class_list":["post-49821","post","type-post","status-publish","format-standard","hentry","category-geral"],"views":1391,"_links":{"self":[{"href":"https:\/\/www.sudoestehoje.com.br\/novoportal\/wp-json\/wp\/v2\/posts\/49821","targetHints":{"allow":["GET"]}}],"collection":[{"href":"https:\/\/www.sudoestehoje.com.br\/novoportal\/wp-json\/wp\/v2\/posts"}],"about":[{"href":"https:\/\/www.sudoestehoje.com.br\/novoportal\/wp-json\/wp\/v2\/types\/post"}],"author":[{"embeddable":true,"href":"https:\/\/www.sudoestehoje.com.br\/novoportal\/wp-json\/wp\/v2\/users\/2"}],"replies":[{"embeddable":true,"href":"https:\/\/www.sudoestehoje.com.br\/novoportal\/wp-json\/wp\/v2\/comments?post=49821"}],"version-history":[{"count":5,"href":"https:\/\/www.sudoestehoje.com.br\/novoportal\/wp-json\/wp\/v2\/posts\/49821\/revisions"}],"predecessor-version":[{"id":49827,"href":"https:\/\/www.sudoestehoje.com.br\/novoportal\/wp-json\/wp\/v2\/posts\/49821\/revisions\/49827"}],"wp:attachment":[{"href":"https:\/\/www.sudoestehoje.com.br\/novoportal\/wp-json\/wp\/v2\/media?parent=49821"}],"wp:term":[{"taxonomy":"category","embeddable":true,"href":"https:\/\/www.sudoestehoje.com.br\/novoportal\/wp-json\/wp\/v2\/categories?post=49821"},{"taxonomy":"post_tag","embeddable":true,"href":"https:\/\/www.sudoestehoje.com.br\/novoportal\/wp-json\/wp\/v2\/tags?post=49821"}],"curies":[{"name":"wp","href":"https:\/\/api.w.org\/{rel}","templated":true}]}}