
{"id":49815,"date":"2015-06-07T13:09:33","date_gmt":"2015-06-07T16:09:33","guid":{"rendered":"http:\/\/www.sudoestehoje.com.br\/novoportal\/?p=49815"},"modified":"2015-06-07T13:14:17","modified_gmt":"2015-06-07T16:14:17","slug":"alecio-chaves-deixa-uma-verdadeira-cama-de-gato-para-ze-carlos","status":"publish","type":"post","link":"https:\/\/www.sudoestehoje.com.br\/novoportal\/2015\/06\/07\/alecio-chaves-deixa-uma-verdadeira-cama-de-gato-para-ze-carlos\/","title":{"rendered":"AL\u00c9CIO CHAVES DEIXA UMA VERDADEIRA &#8220;CAMA DE GATO&#8221; PARA Z\u00c9 CARLOS"},"content":{"rendered":"<p><a href=\"http:\/\/www.sudoestehoje.com.br\/novoportal\/wp-content\/uploads\/2015\/06\/cama-de-gato.jpg\"><img loading=\"lazy\" decoding=\"async\" class=\"aligncenter  wp-image-49817\" src=\"http:\/\/www.sudoestehoje.com.br\/novoportal\/wp-content\/uploads\/2015\/06\/cama-de-gato.jpg\" alt=\"cama de gato\" width=\"500\" height=\"304\" srcset=\"https:\/\/www.sudoestehoje.com.br\/novoportal\/wp-content\/uploads\/2015\/06\/cama-de-gato.jpg 288w, https:\/\/www.sudoestehoje.com.br\/novoportal\/wp-content\/uploads\/2015\/06\/cama-de-gato-150x91.jpg 150w\" sizes=\"auto, (max-width: 500px) 100vw, 500px\" \/><\/a><\/p>\n<p>Durante os 70 dias em que esteve \u00e0 frente do executivo municipal, o vice-prefeito Al\u00e9cio Chaves surpreendeu a todos, adotando medidas en\u00e9rgicas e necess\u00e1rias, que inclu\u00edram as demiss\u00f5es de figuras mal vistas e execradas pela popula\u00e7\u00e3o de Itapetinga.<\/p>\n<p>Com tais atitudes, o nome de Al\u00e9cio caiu logo no gosto da popula\u00e7\u00e3o, mas deixou uma enorme dor de cabe\u00e7a para o seu partido, o PT, que ainda n\u00e3o sabe como lidar com a situa\u00e7\u00e3o.<\/p>\n<p>Para o prefeito Z\u00e9 Carlos, que mal saiu do hospital, teve que retornar \u00e0s pressas para Itapetinga, sobrou uma verdadeira &#8220;cama de gato&#8221;, de dif\u00edcil resolu\u00e7\u00e3o.<\/p>\n<p>Se n\u00e3o anular os atos de Al\u00e9cio, perde a sua tropa de choque, mas se o fizer, perde de vez o restinho da popularidade que ainda detinha, vez que a cidade n\u00e3o quer nem pensar no retorno dos seus malfeitores \u00e0 prefeitura.<\/p>\n<p>Uma verdadeira &#8216;sinuca de bico&#8217;, pela bola 7.<\/p>\n<p><strong><em>Por Davi Ferraz<\/em><\/strong><\/p>\n<p><img decoding=\"async\" class=\"aligncenter\" src=\"http:\/\/www.sudoestehoje.com.br\/novoportal\/wp-content\/uploads\/2014\/07\/Feira-do-Lar-1.png\" alt=\"Feira-do-Lar (1)\" \/><\/p>\n","protected":false},"excerpt":{"rendered":"<p>Durante os 70 dias em que esteve \u00e0 frente do executivo municipal, o vice-prefeito Al\u00e9cio Chaves surpreendeu a todos, adotando medidas en\u00e9rgicas e necess\u00e1rias, que inclu\u00edram as demiss\u00f5es de figuras mal vistas e execradas pela popula\u00e7\u00e3o de Itapetinga. Com tais atitudes, o nome de Al\u00e9cio caiu logo no gosto da popula\u00e7\u00e3o, mas deixou uma enorme [&hellip;]<\/p>\n","protected":false},"author":2,"featured_media":0,"comment_status":"open","ping_status":"open","sticky":false,"template":"","format":"standard","meta":{"footnotes":"","_links_to":"","_links_to_target":""},"categories":[1],"tags":[],"class_list":["post-49815","post","type-post","status-publish","format-standard","hentry","category-geral"],"views":2438,"_links":{"self":[{"href":"https:\/\/www.sudoestehoje.com.br\/novoportal\/wp-json\/wp\/v2\/posts\/49815","targetHints":{"allow":["GET"]}}],"collection":[{"href":"https:\/\/www.sudoestehoje.com.br\/novoportal\/wp-json\/wp\/v2\/posts"}],"about":[{"href":"https:\/\/www.sudoestehoje.com.br\/novoportal\/wp-json\/wp\/v2\/types\/post"}],"author":[{"embeddable":true,"href":"https:\/\/www.sudoestehoje.com.br\/novoportal\/wp-json\/wp\/v2\/users\/2"}],"replies":[{"embeddable":true,"href":"https:\/\/www.sudoestehoje.com.br\/novoportal\/wp-json\/wp\/v2\/comments?post=49815"}],"version-history":[{"count":4,"href":"https:\/\/www.sudoestehoje.com.br\/novoportal\/wp-json\/wp\/v2\/posts\/49815\/revisions"}],"predecessor-version":[{"id":49820,"href":"https:\/\/www.sudoestehoje.com.br\/novoportal\/wp-json\/wp\/v2\/posts\/49815\/revisions\/49820"}],"wp:attachment":[{"href":"https:\/\/www.sudoestehoje.com.br\/novoportal\/wp-json\/wp\/v2\/media?parent=49815"}],"wp:term":[{"taxonomy":"category","embeddable":true,"href":"https:\/\/www.sudoestehoje.com.br\/novoportal\/wp-json\/wp\/v2\/categories?post=49815"},{"taxonomy":"post_tag","embeddable":true,"href":"https:\/\/www.sudoestehoje.com.br\/novoportal\/wp-json\/wp\/v2\/tags?post=49815"}],"curies":[{"name":"wp","href":"https:\/\/api.w.org\/{rel}","templated":true}]}}