
{"id":497,"date":"2010-09-21T19:39:35","date_gmt":"2010-09-21T22:39:35","guid":{"rendered":"http:\/\/sudoestehoje.tempsite.ws\/novoportal\/?p=497"},"modified":"2010-09-22T16:17:14","modified_gmt":"2010-09-22T19:17:14","slug":"datafolha-aponta-acm-neto-como-deputado-federal-mais-votadodatafolha-aponta-acm-neto-como-deputado-federal-mais-votado","status":"publish","type":"post","link":"https:\/\/www.sudoestehoje.com.br\/novoportal\/2010\/09\/21\/datafolha-aponta-acm-neto-como-deputado-federal-mais-votadodatafolha-aponta-acm-neto-como-deputado-federal-mais-votado\/","title":{"rendered":"DATAFOLHA APONTA ACM NETO COMO DEPUTADO FEDERAL MAIS VOTADODATAFOLHA APONTA ACM NETO COMO DEPUTADO FEDERAL MAIS VOTADO"},"content":{"rendered":"<div>\n<div style=\"text-align: center;\"><img decoding=\"async\" src=\"http:\/\/www.revistabahiaemfoco.com.br\/blog\/wp-content\/uploads\/2010\/02\/ACM-NETO.jpg\" border=\"0\" alt=\"\" \/><\/div>\n<div style=\"text-align: center;\">ACM Neto por ser o mais votado, mas n\u00e3o repete vota\u00e7\u00e3o de 2006<\/div>\n<p>Pesquisa  Datafolha divulgada nesta segunda-feira (20) aponta a lideran\u00e7a do  deputado federal ACM Neto (DEM) na lideran\u00e7a das inten\u00e7\u00f5es de voto dos  baianos para a C\u00e2mara. Segundo o levantamento, realizado nos dias 8 e 9  de setembro, o Democrata est\u00e1 com 2%. Ele pode repetir o desempenho das  elei\u00e7\u00f5es de 2006, quando foi o mais votado no estado. Nacionalmente, ele  ficou em quinto lugar. Na \u00e9poca, ACM Neto foi o escolhido de 436.966  eleitores. Na segunda posi\u00e7\u00e3o est\u00e3o outros 11 candidatos, com 1%: M\u00e1rio  Negromonte (PP), Jos\u00e9 Rocha (PR), Edson Pimenta (PC do B), Jo\u00e3o Le\u00e3o  (PP), Rui Costa (PT), S\u00e9rgio Brito (PSC), L\u00facio Vieira Lima (PMDB),  Paulo Braga (PMDB), Antonio Imbassahy (PSDB), Luiz Carreira (DEM) e  Paulo Magalh\u00e3es (DEM). A pesquisa revelou, ainda, que os mais lembrados  s\u00e3o aqueles que os eleitores j\u00e1 conhecem, por terem uma carreira  pol\u00edtica, art\u00edstica ou esportiva. \u00c9 o caso de Tiririca (PR), em S\u00e3o  Paulo. Ele tem a prefer\u00eancia de 3% dos entrevistados e pode ser o mais  votado do pa\u00eds. Ele est\u00e1 \u00e0 frente de Paulo Maluf (PP), lembrado por 1%  dos paulistas. Em 2006, Maluf foi o candidato a deputado federal mais  votado do Brasil, com 739.837 votos. \u00a0Outra que pode repetir o  desempenho de 2006 \u00e9 Manuela D\u2019\u00c1vila (PCdoB), que tem 2% das inten\u00e7\u00f5es  para a C\u00e2mara no Rio Grande do Sul. No Rio de Janeiro, o nome mais forte  at\u00e9 o momento \u00e9 o do ex-governador Anthony Garotinho (PR), citado por  2% dos cariocas. Em seguida, com 1%, est\u00e3o o ex-jogador Rom\u00e1rio (PSB) e o  apresentador de televis\u00e3o Wagner Montes (PDT).<\/p>\n<\/div>\n","protected":false},"excerpt":{"rendered":"<p>ACM Neto por ser o mais votado, mas n\u00e3o repete vota\u00e7\u00e3o de 2006 Pesquisa Datafolha divulgada nesta segunda-feira (20) aponta a lideran\u00e7a do deputado federal ACM Neto (DEM) na lideran\u00e7a das inten\u00e7\u00f5es de voto dos baianos para a C\u00e2mara. Segundo o levantamento, realizado nos dias 8 e 9 de setembro, o Democrata est\u00e1 com 2%. [&hellip;]<\/p>\n","protected":false},"author":1,"featured_media":0,"comment_status":"open","ping_status":"open","sticky":false,"template":"","format":"standard","meta":{"footnotes":"","_links_to":"","_links_to_target":""},"categories":[1],"tags":[],"class_list":["post-497","post","type-post","status-publish","format-standard","hentry","category-geral"],"views":1256,"_links":{"self":[{"href":"https:\/\/www.sudoestehoje.com.br\/novoportal\/wp-json\/wp\/v2\/posts\/497","targetHints":{"allow":["GET"]}}],"collection":[{"href":"https:\/\/www.sudoestehoje.com.br\/novoportal\/wp-json\/wp\/v2\/posts"}],"about":[{"href":"https:\/\/www.sudoestehoje.com.br\/novoportal\/wp-json\/wp\/v2\/types\/post"}],"author":[{"embeddable":true,"href":"https:\/\/www.sudoestehoje.com.br\/novoportal\/wp-json\/wp\/v2\/users\/1"}],"replies":[{"embeddable":true,"href":"https:\/\/www.sudoestehoje.com.br\/novoportal\/wp-json\/wp\/v2\/comments?post=497"}],"version-history":[{"count":1,"href":"https:\/\/www.sudoestehoje.com.br\/novoportal\/wp-json\/wp\/v2\/posts\/497\/revisions"}],"predecessor-version":[{"id":498,"href":"https:\/\/www.sudoestehoje.com.br\/novoportal\/wp-json\/wp\/v2\/posts\/497\/revisions\/498"}],"wp:attachment":[{"href":"https:\/\/www.sudoestehoje.com.br\/novoportal\/wp-json\/wp\/v2\/media?parent=497"}],"wp:term":[{"taxonomy":"category","embeddable":true,"href":"https:\/\/www.sudoestehoje.com.br\/novoportal\/wp-json\/wp\/v2\/categories?post=497"},{"taxonomy":"post_tag","embeddable":true,"href":"https:\/\/www.sudoestehoje.com.br\/novoportal\/wp-json\/wp\/v2\/tags?post=497"}],"curies":[{"name":"wp","href":"https:\/\/api.w.org\/{rel}","templated":true}]}}