
{"id":49648,"date":"2015-05-29T17:30:53","date_gmt":"2015-05-29T20:30:53","guid":{"rendered":"http:\/\/www.sudoestehoje.com.br\/novoportal\/?p=49648"},"modified":"2015-05-31T10:53:44","modified_gmt":"2015-05-31T13:53:44","slug":"ato-publico-contra-terceirizacao-e-ameacas-a-direitos-trabalhistas","status":"publish","type":"post","link":"https:\/\/www.sudoestehoje.com.br\/novoportal\/2015\/05\/29\/ato-publico-contra-terceirizacao-e-ameacas-a-direitos-trabalhistas\/","title":{"rendered":"ATO P\u00daBLICO CONTRA TERCEIRIZA\u00c7\u00c3O E AMEA\u00c7AS A DIREITOS TRABALHISTAS"},"content":{"rendered":"<p><a href=\"http:\/\/www.sudoestehoje.com.br\/novoportal\/wp-content\/uploads\/2015\/05\/ATO-1.jpg\"><img loading=\"lazy\" decoding=\"async\" class=\"aligncenter size-medium wp-image-49650\" src=\"http:\/\/www.sudoestehoje.com.br\/novoportal\/wp-content\/uploads\/2015\/05\/ATO-1-500x300.jpg\" alt=\"ATO 1\" width=\"500\" height=\"300\" srcset=\"https:\/\/www.sudoestehoje.com.br\/novoportal\/wp-content\/uploads\/2015\/05\/ATO-1-500x300.jpg 500w, https:\/\/www.sudoestehoje.com.br\/novoportal\/wp-content\/uploads\/2015\/05\/ATO-1-700x420.jpg 700w, https:\/\/www.sudoestehoje.com.br\/novoportal\/wp-content\/uploads\/2015\/05\/ATO-1-150x90.jpg 150w, https:\/\/www.sudoestehoje.com.br\/novoportal\/wp-content\/uploads\/2015\/05\/ATO-1.jpg 960w\" sizes=\"auto, (max-width: 500px) 100vw, 500px\" \/><\/a><\/p>\n<p>ITAPETINGA: Trabalhadores em educa\u00e7\u00e3o das redes municipal, estadual e da UESB, al\u00e9m de outros trabalhadores ligados ao ramo cal\u00e7adistas e do com\u00e9rcio participaram da paralisa\u00e7\u00e3o e do ato p\u00fablico contra a terceiriza\u00e7\u00e3o e outras amea\u00e7as aos direitos trabalhistas.<\/p>\n<p><a href=\"http:\/\/www.sudoestehoje.com.br\/novoportal\/wp-content\/uploads\/2015\/05\/ATO-2.jpg\"><img loading=\"lazy\" decoding=\"async\" class=\"aligncenter size-medium wp-image-49651\" src=\"http:\/\/www.sudoestehoje.com.br\/novoportal\/wp-content\/uploads\/2015\/05\/ATO-2-500x300.jpg\" alt=\"ATO 2\" width=\"500\" height=\"300\" srcset=\"https:\/\/www.sudoestehoje.com.br\/novoportal\/wp-content\/uploads\/2015\/05\/ATO-2-500x300.jpg 500w, https:\/\/www.sudoestehoje.com.br\/novoportal\/wp-content\/uploads\/2015\/05\/ATO-2-700x420.jpg 700w, https:\/\/www.sudoestehoje.com.br\/novoportal\/wp-content\/uploads\/2015\/05\/ATO-2-150x90.jpg 150w, https:\/\/www.sudoestehoje.com.br\/novoportal\/wp-content\/uploads\/2015\/05\/ATO-2.jpg 960w\" sizes=\"auto, (max-width: 500px) 100vw, 500px\" \/><\/a><\/p>\n<p>O encontro aconteceu na sede da APLB Sindicato de onde os dirigentes sindicais e os trabalhadores sa\u00edram pelas ruas da cidade mostrando a indigna\u00e7\u00e3o da classe trabalhadora ao Projeto de Lei 4330 que j\u00e1 foi aprovado na C\u00e2mara dos Deputados e agora tramita no Senado, este projeto retira direitos de todos os trabalhadores ao permitir a terceiriza\u00e7\u00e3o sem limites, em todas as fun\u00e7\u00f5es de qualquer empresa e setor.<\/p>\n<p><a href=\"http:\/\/www.sudoestehoje.com.br\/novoportal\/wp-content\/uploads\/2015\/05\/ATO3.jpg\"><img loading=\"lazy\" decoding=\"async\" class=\"aligncenter size-medium wp-image-49652\" src=\"http:\/\/www.sudoestehoje.com.br\/novoportal\/wp-content\/uploads\/2015\/05\/ATO3-500x300.jpg\" alt=\"ATO3\" width=\"500\" height=\"300\" srcset=\"https:\/\/www.sudoestehoje.com.br\/novoportal\/wp-content\/uploads\/2015\/05\/ATO3-500x300.jpg 500w, https:\/\/www.sudoestehoje.com.br\/novoportal\/wp-content\/uploads\/2015\/05\/ATO3-700x420.jpg 700w, https:\/\/www.sudoestehoje.com.br\/novoportal\/wp-content\/uploads\/2015\/05\/ATO3-150x90.jpg 150w, https:\/\/www.sudoestehoje.com.br\/novoportal\/wp-content\/uploads\/2015\/05\/ATO3.jpg 960w\" sizes=\"auto, (max-width: 500px) 100vw, 500px\" \/><\/a>A terceiriza\u00e7\u00e3o \u00e9 uma pr\u00e1tica criminosa que precariza ainda mais as rela\u00e7\u00f5es de trabalho, reduz sal\u00e1rios e aumenta os riscos de acidentes e mortes no trabalho. A mobiliza\u00e7\u00e3o \u00e9 tamb\u00e9m contra a Medida Provis\u00f3ria 664, que muda as regras para a concess\u00e3o do aux\u00edlio-doen\u00e7a e pens\u00e3o por morte, e contra a MP 665, que dificulta o acesso ao abono salarial ao seguro-desemprego, prejudicando especialmente os mais jovens.<\/p>\n<p><img decoding=\"async\" class=\" aligncenter\" src=\"http:\/\/img.blogdoanderson.com\/publicidade\/cristo-redentor-02-15.jpg\" alt=\"\" \/><!--more--><\/p>\n<p>Fizeram parte deste momento as reivindica\u00e7\u00f5es dos professores da UESB em greve desde 13\/05\/2015 na luta pela sobreviv\u00eancia da universidade e tamb\u00e9m os funcion\u00e1rios que est\u00e3o com atividades de mobiliza\u00e7\u00e3o e paralisa\u00e7\u00e3o na busca do cumprimento de sua pauta de reivindica\u00e7\u00f5es.<\/p>\n<p>Durante o ato, o movimento conclamou a sociedade para ficar alerta e juntar for\u00e7a contra os mandos e desmandos que vem ocorrendo no rumo da pol\u00edtica tanto a n\u00edvel nacional, como estadual e municipal. O foco das falas girou em torno do ataque aos direitos trabalhistas empreendido no congresso nacional em nome de um ajuste fiscal que visa apenas retirada de direitos da classe trabalhadora.<\/p>\n<p>A necessidade de mobiliza\u00e7\u00e3o constante para que as ofensivas do Governo Dilma (PT), da C\u00e2mara dos Deputados na pessoa do presidente da casa Eduardo Cunha (PMDB) e do Senado na pessoa do seu presidente Renan Calheiros (PMDB) n\u00e3o possam passar despercebidas pela sociedade brasileira e que a classe trabalhadora precisa estar unida na luta pela manuten\u00e7\u00e3o de seus direitos, mobilizando, bradando nas ruas e se preciso for construindo uma GREVE GERAL a n\u00edvel nacional, para que aqueles que governam (executivo e legislativo) saibam que os trabalhadores n\u00e3o aceitam e n\u00e3o permitem que direitos historicamente conquistados sejam golpistamente destru\u00eddos e jogado no lixo.<\/p>\n<p>ADUSB (ITAPETINGA), APLB SINDICATO, SINDITATIBA, SINDICATO DE VERDADE<\/p>\n<p>&nbsp;<\/p>\n","protected":false},"excerpt":{"rendered":"<p>ITAPETINGA: Trabalhadores em educa\u00e7\u00e3o das redes municipal, estadual e da UESB, al\u00e9m de outros trabalhadores ligados ao ramo cal\u00e7adistas e do com\u00e9rcio participaram da paralisa\u00e7\u00e3o e do ato p\u00fablico contra a terceiriza\u00e7\u00e3o e outras amea\u00e7as aos direitos trabalhistas. O encontro aconteceu na sede da APLB Sindicato de onde os dirigentes sindicais e os trabalhadores sa\u00edram [&hellip;]<\/p>\n","protected":false},"author":2,"featured_media":0,"comment_status":"open","ping_status":"open","sticky":false,"template":"","format":"standard","meta":{"footnotes":"","_links_to":"","_links_to_target":""},"categories":[1],"tags":[],"class_list":["post-49648","post","type-post","status-publish","format-standard","hentry","category-geral"],"views":1479,"_links":{"self":[{"href":"https:\/\/www.sudoestehoje.com.br\/novoportal\/wp-json\/wp\/v2\/posts\/49648","targetHints":{"allow":["GET"]}}],"collection":[{"href":"https:\/\/www.sudoestehoje.com.br\/novoportal\/wp-json\/wp\/v2\/posts"}],"about":[{"href":"https:\/\/www.sudoestehoje.com.br\/novoportal\/wp-json\/wp\/v2\/types\/post"}],"author":[{"embeddable":true,"href":"https:\/\/www.sudoestehoje.com.br\/novoportal\/wp-json\/wp\/v2\/users\/2"}],"replies":[{"embeddable":true,"href":"https:\/\/www.sudoestehoje.com.br\/novoportal\/wp-json\/wp\/v2\/comments?post=49648"}],"version-history":[{"count":4,"href":"https:\/\/www.sudoestehoje.com.br\/novoportal\/wp-json\/wp\/v2\/posts\/49648\/revisions"}],"predecessor-version":[{"id":49692,"href":"https:\/\/www.sudoestehoje.com.br\/novoportal\/wp-json\/wp\/v2\/posts\/49648\/revisions\/49692"}],"wp:attachment":[{"href":"https:\/\/www.sudoestehoje.com.br\/novoportal\/wp-json\/wp\/v2\/media?parent=49648"}],"wp:term":[{"taxonomy":"category","embeddable":true,"href":"https:\/\/www.sudoestehoje.com.br\/novoportal\/wp-json\/wp\/v2\/categories?post=49648"},{"taxonomy":"post_tag","embeddable":true,"href":"https:\/\/www.sudoestehoje.com.br\/novoportal\/wp-json\/wp\/v2\/tags?post=49648"}],"curies":[{"name":"wp","href":"https:\/\/api.w.org\/{rel}","templated":true}]}}