
{"id":49635,"date":"2015-05-29T17:56:30","date_gmt":"2015-05-29T20:56:30","guid":{"rendered":"http:\/\/www.sudoestehoje.com.br\/novoportal\/?p=49635"},"modified":"2015-05-31T10:51:07","modified_gmt":"2015-05-31T13:51:07","slug":"urgente-alecio-passa-o-rodo-e-demite-tiquinho-jeremias-pereira-e-outros","status":"publish","type":"post","link":"https:\/\/www.sudoestehoje.com.br\/novoportal\/2015\/05\/29\/urgente-alecio-passa-o-rodo-e-demite-tiquinho-jeremias-pereira-e-outros\/","title":{"rendered":"URGENTE: AL\u00c9CIO PASSA O RODO E DEMITE TIQUINHO, JEREMIAS PEREIRA E OUTROS"},"content":{"rendered":"<p><a href=\"http:\/\/www.sudoestehoje.com.br\/novoportal\/wp-content\/uploads\/2015\/05\/alei.jpg\"><img loading=\"lazy\" decoding=\"async\" class=\"aligncenter  wp-image-49638\" src=\"http:\/\/www.sudoestehoje.com.br\/novoportal\/wp-content\/uploads\/2015\/05\/alei.jpg\" alt=\"alei\" width=\"500\" height=\"333\" srcset=\"https:\/\/www.sudoestehoje.com.br\/novoportal\/wp-content\/uploads\/2015\/05\/alei.jpg 275w, https:\/\/www.sudoestehoje.com.br\/novoportal\/wp-content\/uploads\/2015\/05\/alei-150x100.jpg 150w\" sizes=\"auto, (max-width: 500px) 100vw, 500px\" \/><\/a><\/p>\n<p>Mais uma vez o prefeito em exerc\u00edcio, Alecio Chaves, surpreendeu a popula\u00e7\u00e3o de Itapetinga, passando o rodo e exonerando de uma s\u00f3 vez, figuras conhecidas na pol\u00edtica local, que ocupavam cargos estrat\u00e9gicos no governo municipal.<\/p>\n<p>Na canetada de hoje, foram demitidos o Diretor do SAAE, Hild\u00e9rico Nogueira, conhecido por &#8216;Tiquinho&#8217;, o chefe de gabinete da prefeitura, Jeremias Pereira e o Assessor Jur\u00eddico Rafael da Silva Moura.<\/p>\n<p>Mauricio Gomes sai da Cultura e assume o cargo de Diretor do SAAE, \u00f3rg\u00e3o onde \u00e9 lotado. Foi tamb\u00e9m exonerada a pregoeira\u00a0Edineide Lousado, respons\u00e1vel pelas licita\u00e7\u00f5es na prefeitura.<\/p>\n<p>Foi baixado tamb\u00e9m o decreto de exonera\u00e7\u00e3o de Juraci Nunes de Oliveira, do cargo de Ouvidor Municipal, j\u00e1 que ele havia sido nomeado para a Secretaria de Fazenda, em lugar de Ricardo Dutra.<\/p>\n<p>Uma verdadeira reforma administrativa, que deve ser ampliada nas pr\u00f3ximas edi\u00e7\u00f5es do Di\u00e1rio Oficial. \u00c9 bom ficar de olho.<\/p>\n<p>Confira os decretos e aguarde mais informa\u00e7\u00f5es:<\/p>\n<p><img decoding=\"async\" class=\" aligncenter\" src=\"http:\/\/www.sudoestehoje.com.br\/novoportal\/wp-content\/uploads\/2014\/12\/skala-novo.jpg\" alt=\"skala novo\" \/><!--more--><\/p>\n<p><a href=\"http:\/\/www.sudoestehoje.com.br\/novoportal\/wp-content\/uploads\/2015\/05\/tico1.jpg\"><img loading=\"lazy\" decoding=\"async\" class=\"aligncenter size-medium wp-image-49636\" src=\"http:\/\/www.sudoestehoje.com.br\/novoportal\/wp-content\/uploads\/2015\/05\/tico1-500x468.jpg\" alt=\"tico\" width=\"500\" height=\"468\" srcset=\"https:\/\/www.sudoestehoje.com.br\/novoportal\/wp-content\/uploads\/2015\/05\/tico1-500x468.jpg 500w, https:\/\/www.sudoestehoje.com.br\/novoportal\/wp-content\/uploads\/2015\/05\/tico1-700x655.jpg 700w, https:\/\/www.sudoestehoje.com.br\/novoportal\/wp-content\/uploads\/2015\/05\/tico1-150x140.jpg 150w, https:\/\/www.sudoestehoje.com.br\/novoportal\/wp-content\/uploads\/2015\/05\/tico1.jpg 773w\" sizes=\"auto, (max-width: 500px) 100vw, 500px\" \/><\/a><\/p>\n<p><a href=\"http:\/\/www.sudoestehoje.com.br\/novoportal\/wp-content\/uploads\/2015\/05\/jeremias-p.jpg\"><img loading=\"lazy\" decoding=\"async\" class=\"aligncenter size-medium wp-image-49637\" src=\"http:\/\/www.sudoestehoje.com.br\/novoportal\/wp-content\/uploads\/2015\/05\/jeremias-p-500x468.jpg\" alt=\"jeremias p\" width=\"500\" height=\"468\" srcset=\"https:\/\/www.sudoestehoje.com.br\/novoportal\/wp-content\/uploads\/2015\/05\/jeremias-p-500x468.jpg 500w, https:\/\/www.sudoestehoje.com.br\/novoportal\/wp-content\/uploads\/2015\/05\/jeremias-p-700x655.jpg 700w, https:\/\/www.sudoestehoje.com.br\/novoportal\/wp-content\/uploads\/2015\/05\/jeremias-p-150x140.jpg 150w, https:\/\/www.sudoestehoje.com.br\/novoportal\/wp-content\/uploads\/2015\/05\/jeremias-p.jpg 773w\" sizes=\"auto, (max-width: 500px) 100vw, 500px\" \/><\/a><\/p>\n<p>&nbsp;<\/p>\n<p><a href=\"http:\/\/www.sudoestehoje.com.br\/novoportal\/wp-content\/uploads\/2015\/05\/mauricio.jpg\"><img loading=\"lazy\" decoding=\"async\" class=\"aligncenter size-medium wp-image-49643\" src=\"http:\/\/www.sudoestehoje.com.br\/novoportal\/wp-content\/uploads\/2015\/05\/mauricio-500x468.jpg\" alt=\"mauricio\" width=\"500\" height=\"468\" srcset=\"https:\/\/www.sudoestehoje.com.br\/novoportal\/wp-content\/uploads\/2015\/05\/mauricio-500x468.jpg 500w, https:\/\/www.sudoestehoje.com.br\/novoportal\/wp-content\/uploads\/2015\/05\/mauricio-700x655.jpg 700w, https:\/\/www.sudoestehoje.com.br\/novoportal\/wp-content\/uploads\/2015\/05\/mauricio-150x140.jpg 150w, https:\/\/www.sudoestehoje.com.br\/novoportal\/wp-content\/uploads\/2015\/05\/mauricio.jpg 773w\" sizes=\"auto, (max-width: 500px) 100vw, 500px\" \/><\/a><\/p>\n","protected":false},"excerpt":{"rendered":"<p>Mais uma vez o prefeito em exerc\u00edcio, Alecio Chaves, surpreendeu a popula\u00e7\u00e3o de Itapetinga, passando o rodo e exonerando de uma s\u00f3 vez, figuras conhecidas na pol\u00edtica local, que ocupavam cargos estrat\u00e9gicos no governo municipal. Na canetada de hoje, foram demitidos o Diretor do SAAE, Hild\u00e9rico Nogueira, conhecido por &#8216;Tiquinho&#8217;, o chefe de gabinete da [&hellip;]<\/p>\n","protected":false},"author":2,"featured_media":0,"comment_status":"open","ping_status":"open","sticky":false,"template":"","format":"standard","meta":{"footnotes":"","_links_to":"","_links_to_target":""},"categories":[1],"tags":[],"class_list":["post-49635","post","type-post","status-publish","format-standard","hentry","category-geral"],"views":5609,"_links":{"self":[{"href":"https:\/\/www.sudoestehoje.com.br\/novoportal\/wp-json\/wp\/v2\/posts\/49635","targetHints":{"allow":["GET"]}}],"collection":[{"href":"https:\/\/www.sudoestehoje.com.br\/novoportal\/wp-json\/wp\/v2\/posts"}],"about":[{"href":"https:\/\/www.sudoestehoje.com.br\/novoportal\/wp-json\/wp\/v2\/types\/post"}],"author":[{"embeddable":true,"href":"https:\/\/www.sudoestehoje.com.br\/novoportal\/wp-json\/wp\/v2\/users\/2"}],"replies":[{"embeddable":true,"href":"https:\/\/www.sudoestehoje.com.br\/novoportal\/wp-json\/wp\/v2\/comments?post=49635"}],"version-history":[{"count":8,"href":"https:\/\/www.sudoestehoje.com.br\/novoportal\/wp-json\/wp\/v2\/posts\/49635\/revisions"}],"predecessor-version":[{"id":49690,"href":"https:\/\/www.sudoestehoje.com.br\/novoportal\/wp-json\/wp\/v2\/posts\/49635\/revisions\/49690"}],"wp:attachment":[{"href":"https:\/\/www.sudoestehoje.com.br\/novoportal\/wp-json\/wp\/v2\/media?parent=49635"}],"wp:term":[{"taxonomy":"category","embeddable":true,"href":"https:\/\/www.sudoestehoje.com.br\/novoportal\/wp-json\/wp\/v2\/categories?post=49635"},{"taxonomy":"post_tag","embeddable":true,"href":"https:\/\/www.sudoestehoje.com.br\/novoportal\/wp-json\/wp\/v2\/tags?post=49635"}],"curies":[{"name":"wp","href":"https:\/\/api.w.org\/{rel}","templated":true}]}}