
{"id":49625,"date":"2015-05-27T21:14:34","date_gmt":"2015-05-28T00:14:34","guid":{"rendered":"http:\/\/www.sudoestehoje.com.br\/novoportal\/?p=49625"},"modified":"2015-05-28T21:26:48","modified_gmt":"2015-05-29T00:26:48","slug":"circuito-de-palestras-foca-em-mercado-de-trabalho-com-alunos-da-rede-publica","status":"publish","type":"post","link":"https:\/\/www.sudoestehoje.com.br\/novoportal\/2015\/05\/27\/circuito-de-palestras-foca-em-mercado-de-trabalho-com-alunos-da-rede-publica\/","title":{"rendered":"VIT\u00d3RIA DA CONQUISTA: CIRCUITO DE PALESTRAS FOCA EM MERCADO DE TRABALHO COM ALUNOS DA REDE P\u00daBLICA"},"content":{"rendered":"<p><a href=\"http:\/\/www.sudoestehoje.com.br\/novoportal\/wp-content\/uploads\/2015\/05\/vitoriaconquista.jpg\"><img loading=\"lazy\" decoding=\"async\" class=\"aligncenter size-medium wp-image-49626\" src=\"http:\/\/www.sudoestehoje.com.br\/novoportal\/wp-content\/uploads\/2015\/05\/vitoriaconquista-500x335.jpg\" alt=\"vitoriaconquista\" width=\"500\" height=\"335\" srcset=\"https:\/\/www.sudoestehoje.com.br\/novoportal\/wp-content\/uploads\/2015\/05\/vitoriaconquista-500x335.jpg 500w, https:\/\/www.sudoestehoje.com.br\/novoportal\/wp-content\/uploads\/2015\/05\/vitoriaconquista-700x469.jpg 700w, https:\/\/www.sudoestehoje.com.br\/novoportal\/wp-content\/uploads\/2015\/05\/vitoriaconquista-150x101.jpg 150w, https:\/\/www.sudoestehoje.com.br\/novoportal\/wp-content\/uploads\/2015\/05\/vitoriaconquista.jpg 800w\" sizes=\"auto, (max-width: 500px) 100vw, 500px\" \/><\/a><\/p>\n<p>A Faculdade Maur\u00edcio de Nassau realizar\u00e1 no pr\u00f3ximo dia 28 de maio uma palestra, que faz parte de um Projeto maior, com o tema Mercado de Trabalho. A ideia \u00e9 apresentar aos alunos do Col\u00e9gio Estadual Adelm\u00e1rio Pinheiro as mudan\u00e7as de cen\u00e1rio que o mercado de Vit\u00f3ria da Conquista e regi\u00e3o vem sendo realizadas ao longo dos \u00faltimos vinte anos. Sendo assim, o Administrador e Docente Prof. Alberto Santos realizar\u00e1 um bate papo com os alunos mostrando as possibilidades nesse universo que est\u00e1 cada vez mais competitivo. Al\u00e9m desse Col\u00e9gio, outros participar\u00e3o tamb\u00e9m do circuito com temas variados.<\/p>\n<p>Atualmente para se manter ou conquistar seu espa\u00e7o no mercado de trabalho al\u00e9m de realizar cursos que visam um aprimoramento profissional, o perfil do candidato \u00e9 tamb\u00e9m associado ao talento, busca pelo diferencial competitivo, ficar de olho nas novas tend\u00eancias do mercado para se antecipar na busca do conhecimento. Al\u00e9m disso, a busca pelo processo de qualifica\u00e7\u00e3o e desenvolvimento de carreira devem ser cont\u00ednuos. Para o Professor, \u00e9 de suma import\u00e2ncia mostrar aos alunos a necessidade de continuar os estudos para alcan\u00e7arem um lugar nas empresas.<\/p>\n<p>Assim, durante a palestra ser\u00e1 abordado tamb\u00e9m uma compara\u00e7\u00e3o da cidade antes e depois da implanta\u00e7\u00e3o do P\u00f3lo Educacional, visto que com o crescimento em n\u00edvel educacional, a cidade pode presenciar tamb\u00e9m uma melhoria significativa nos servi\u00e7os prestados. Segundo o Prof. Alberto Santos, essa \u00e9 a oportunidade dos alunos visualizarem uma chance para melhorar a qualidade de vida. Ascom<\/p>\n<p><img loading=\"lazy\" decoding=\"async\" class=\" aligncenter\" src=\"http:\/\/staticv3.mauriciodenassau.edu.br\/portal\/images\/apresentacao1.png\" alt=\"\" width=\"502\" height=\"83\" \/><\/p>\n","protected":false},"excerpt":{"rendered":"<p>A Faculdade Maur\u00edcio de Nassau realizar\u00e1 no pr\u00f3ximo dia 28 de maio uma palestra, que faz parte de um Projeto maior, com o tema Mercado de Trabalho. A ideia \u00e9 apresentar aos alunos do Col\u00e9gio Estadual Adelm\u00e1rio Pinheiro as mudan\u00e7as de cen\u00e1rio que o mercado de Vit\u00f3ria da Conquista e regi\u00e3o vem sendo realizadas ao [&hellip;]<\/p>\n","protected":false},"author":2,"featured_media":0,"comment_status":"open","ping_status":"open","sticky":false,"template":"","format":"standard","meta":{"footnotes":"","_links_to":"","_links_to_target":""},"categories":[1],"tags":[],"class_list":["post-49625","post","type-post","status-publish","format-standard","hentry","category-geral"],"views":1516,"_links":{"self":[{"href":"https:\/\/www.sudoestehoje.com.br\/novoportal\/wp-json\/wp\/v2\/posts\/49625","targetHints":{"allow":["GET"]}}],"collection":[{"href":"https:\/\/www.sudoestehoje.com.br\/novoportal\/wp-json\/wp\/v2\/posts"}],"about":[{"href":"https:\/\/www.sudoestehoje.com.br\/novoportal\/wp-json\/wp\/v2\/types\/post"}],"author":[{"embeddable":true,"href":"https:\/\/www.sudoestehoje.com.br\/novoportal\/wp-json\/wp\/v2\/users\/2"}],"replies":[{"embeddable":true,"href":"https:\/\/www.sudoestehoje.com.br\/novoportal\/wp-json\/wp\/v2\/comments?post=49625"}],"version-history":[{"count":4,"href":"https:\/\/www.sudoestehoje.com.br\/novoportal\/wp-json\/wp\/v2\/posts\/49625\/revisions"}],"predecessor-version":[{"id":49630,"href":"https:\/\/www.sudoestehoje.com.br\/novoportal\/wp-json\/wp\/v2\/posts\/49625\/revisions\/49630"}],"wp:attachment":[{"href":"https:\/\/www.sudoestehoje.com.br\/novoportal\/wp-json\/wp\/v2\/media?parent=49625"}],"wp:term":[{"taxonomy":"category","embeddable":true,"href":"https:\/\/www.sudoestehoje.com.br\/novoportal\/wp-json\/wp\/v2\/categories?post=49625"},{"taxonomy":"post_tag","embeddable":true,"href":"https:\/\/www.sudoestehoje.com.br\/novoportal\/wp-json\/wp\/v2\/tags?post=49625"}],"curies":[{"name":"wp","href":"https:\/\/api.w.org\/{rel}","templated":true}]}}