
{"id":4962,"date":"2011-05-14T20:00:27","date_gmt":"2011-05-14T23:00:27","guid":{"rendered":"http:\/\/www.sudoestehoje.com.br\/novoportal\/?p=4962"},"modified":"2011-05-14T20:00:27","modified_gmt":"2011-05-14T23:00:27","slug":"aecio-governo-dilma-nao-tem-comando","status":"publish","type":"post","link":"https:\/\/www.sudoestehoje.com.br\/novoportal\/2011\/05\/14\/aecio-governo-dilma-nao-tem-comando\/","title":{"rendered":"A\u00c9CIO: &#8216;GOVERNO DILMA N\u00c3O TEM COMANDO&#8217;"},"content":{"rendered":"<div>\n<p style=\"text-align: center;\"><img loading=\"lazy\" decoding=\"async\" class=\"aligncenter\" src=\"http:\/\/www.bahianoticias.com.br\/fotos\/editor\/Image\/Aecio_Neves-Positivo.jpg\" alt=\"\" width=\"271\" height=\"260\" \/><\/p>\n<p>\u00a0<\/p>\n<p>O senador A\u00e9cio Neves (PSDB-MG) disse, nesta sexta-feira (13), que a &#8220;inefici\u00eancia vem se tornado a marca&#8221; da gest\u00e3o de Dilma Rousseff (PT). Ele avalia que a gest\u00e3o petista na Presid\u00eancia da Rep\u00fablica \u00e9 feita de \u201cimproviso\u201d e com \u201cfalta de comando\u201d. A declara\u00e7\u00e3o de A\u00e9cio foi feita quando o ex-governador de Minas foi questionado sobre a indefini\u00e7\u00e3o da pol\u00edtica de concess\u00e3o de aeroportos do governo federal \u00e0 iniciativa privada. \u201cO governo mostra que n\u00e3o planeja. O governo, no ponto de vista da gest\u00e3o, \u00e9 extremamente fr\u00e1gil. Eu acho que \u00e9 inefici\u00eancia, falta de comando, de decis\u00e3o, de pessoas que pensem as coisas de forma planejada. A inefici\u00eancia, cada vez mais, vem se tornando a marca deste governo, que n\u00e3o investiu nada na gest\u00e3o p\u00fablica de qualidade\u201d, disparou, ap\u00f3s defender parcerias do poder p\u00fablico com a iniciativa privada porque \u201co Estado brasileiro n\u00e3o tem condi\u00e7\u00f5es de fazer, com os recursos necess\u00e1rios e na velocidade necess\u00e1ria, todos os investimentos\u201d. Com informa\u00e7\u00f5es do iG.<\/p>\n<\/div>\n","protected":false},"excerpt":{"rendered":"<p>\u00a0 O senador A\u00e9cio Neves (PSDB-MG) disse, nesta sexta-feira (13), que a &#8220;inefici\u00eancia vem se tornado a marca&#8221; da gest\u00e3o de Dilma Rousseff (PT). Ele avalia que a gest\u00e3o petista na Presid\u00eancia da Rep\u00fablica \u00e9 feita de \u201cimproviso\u201d e com \u201cfalta de comando\u201d. A declara\u00e7\u00e3o de A\u00e9cio foi feita quando o ex-governador de Minas foi [&hellip;]<\/p>\n","protected":false},"author":2,"featured_media":0,"comment_status":"open","ping_status":"open","sticky":false,"template":"","format":"standard","meta":{"footnotes":"","_links_to":"","_links_to_target":""},"categories":[1],"tags":[],"class_list":["post-4962","post","type-post","status-publish","format-standard","hentry","category-geral"],"views":1362,"_links":{"self":[{"href":"https:\/\/www.sudoestehoje.com.br\/novoportal\/wp-json\/wp\/v2\/posts\/4962","targetHints":{"allow":["GET"]}}],"collection":[{"href":"https:\/\/www.sudoestehoje.com.br\/novoportal\/wp-json\/wp\/v2\/posts"}],"about":[{"href":"https:\/\/www.sudoestehoje.com.br\/novoportal\/wp-json\/wp\/v2\/types\/post"}],"author":[{"embeddable":true,"href":"https:\/\/www.sudoestehoje.com.br\/novoportal\/wp-json\/wp\/v2\/users\/2"}],"replies":[{"embeddable":true,"href":"https:\/\/www.sudoestehoje.com.br\/novoportal\/wp-json\/wp\/v2\/comments?post=4962"}],"version-history":[{"count":2,"href":"https:\/\/www.sudoestehoje.com.br\/novoportal\/wp-json\/wp\/v2\/posts\/4962\/revisions"}],"predecessor-version":[{"id":4964,"href":"https:\/\/www.sudoestehoje.com.br\/novoportal\/wp-json\/wp\/v2\/posts\/4962\/revisions\/4964"}],"wp:attachment":[{"href":"https:\/\/www.sudoestehoje.com.br\/novoportal\/wp-json\/wp\/v2\/media?parent=4962"}],"wp:term":[{"taxonomy":"category","embeddable":true,"href":"https:\/\/www.sudoestehoje.com.br\/novoportal\/wp-json\/wp\/v2\/categories?post=4962"},{"taxonomy":"post_tag","embeddable":true,"href":"https:\/\/www.sudoestehoje.com.br\/novoportal\/wp-json\/wp\/v2\/tags?post=4962"}],"curies":[{"name":"wp","href":"https:\/\/api.w.org\/{rel}","templated":true}]}}