
{"id":49582,"date":"2015-05-27T20:32:55","date_gmt":"2015-05-27T23:32:55","guid":{"rendered":"http:\/\/www.sudoestehoje.com.br\/novoportal\/?p=49582"},"modified":"2015-05-27T23:53:21","modified_gmt":"2015-05-28T02:53:21","slug":"carlinhos-retorna-a-macarani-e-e-aclamado-pela-populacao","status":"publish","type":"post","link":"https:\/\/www.sudoestehoje.com.br\/novoportal\/2015\/05\/27\/carlinhos-retorna-a-macarani-e-e-aclamado-pela-populacao\/","title":{"rendered":"CARLINHOS RETORNA A MACARANI E \u00c9 ACLAMADO PELA POPULA\u00c7\u00c3O"},"content":{"rendered":"<p><a href=\"http:\/\/www.sudoestehoje.com.br\/novoportal\/wp-content\/uploads\/2015\/05\/carlinhos-1.jpg\"><img loading=\"lazy\" decoding=\"async\" class=\"aligncenter size-medium wp-image-49583\" src=\"http:\/\/www.sudoestehoje.com.br\/novoportal\/wp-content\/uploads\/2015\/05\/carlinhos-1-500x375.jpg\" alt=\"carlinhos 1\" width=\"500\" height=\"375\" srcset=\"https:\/\/www.sudoestehoje.com.br\/novoportal\/wp-content\/uploads\/2015\/05\/carlinhos-1-500x375.jpg 500w, https:\/\/www.sudoestehoje.com.br\/novoportal\/wp-content\/uploads\/2015\/05\/carlinhos-1-700x525.jpg 700w, https:\/\/www.sudoestehoje.com.br\/novoportal\/wp-content\/uploads\/2015\/05\/carlinhos-1-150x113.jpg 150w, https:\/\/www.sudoestehoje.com.br\/novoportal\/wp-content\/uploads\/2015\/05\/carlinhos-1.jpg 960w\" sizes=\"auto, (max-width: 500px) 100vw, 500px\" \/><\/a><\/p>\n<p>Depois de ter acompanhado em Brasilia o julgamento do TSE que culminou com a sua cassa\u00e7\u00e3o, o prefeito Carlinhos retornou a Macarani, nesta quarta-feira, onde foi recebido por amigos, correligion\u00e1rios e grande parte da popula\u00e7\u00e3o, que manifestaram o seu descontamento com a equivocada e injusta decis\u00e3o da Justi\u00e7a Eleitoral.<\/p>\n<p>Durante os seus 6 anos e meio de mandato frente ao executivo de Macarani, Carlinhos se destacou como um grande prefeito, sendo reconhecido na regi\u00e3o e em todo o estado como um dos mais din\u00e2micos e realizadores da Bahia.<\/p>\n<p><a href=\"http:\/\/www.sudoestehoje.com.br\/novoportal\/wp-content\/uploads\/2015\/05\/carlinhos-2.jpg\"><img loading=\"lazy\" decoding=\"async\" class=\"aligncenter size-medium wp-image-49584\" src=\"http:\/\/www.sudoestehoje.com.br\/novoportal\/wp-content\/uploads\/2015\/05\/carlinhos-2-500x375.jpg\" alt=\"carlinhos 2\" width=\"500\" height=\"375\" srcset=\"https:\/\/www.sudoestehoje.com.br\/novoportal\/wp-content\/uploads\/2015\/05\/carlinhos-2-500x375.jpg 500w, https:\/\/www.sudoestehoje.com.br\/novoportal\/wp-content\/uploads\/2015\/05\/carlinhos-2-700x525.jpg 700w, https:\/\/www.sudoestehoje.com.br\/novoportal\/wp-content\/uploads\/2015\/05\/carlinhos-2-150x113.jpg 150w, https:\/\/www.sudoestehoje.com.br\/novoportal\/wp-content\/uploads\/2015\/05\/carlinhos-2.jpg 960w\" sizes=\"auto, (max-width: 500px) 100vw, 500px\" \/><\/a><\/p>\n<p>Infelizmente, por uma falha de correligion\u00e1rios durante a elei\u00e7\u00e3o municipal de 2012, algumas camisetas foram entregues a eleitores, sem o seu consentimento, o que acabou levando \u00e0 sua cassa\u00e7\u00e3o, por insist\u00eancia do MP, que levou o caso ao extremo, quando ningu\u00e9m mais lembrava do ocorrido.<\/p>\n<p>Agora, a cidade passa a viver na incerteza, diante da possibilidade de voltar a ser administrada por pol\u00edticos despreparados e sem credibilidade, banidos pelas urnas nos dois \u00faltimos pleitos.<\/p>\n<p>A lei \u00e9 para ser cumprida, mas nem sempre os seus efeitos trazem benef\u00edcios \u00e0 popula\u00e7\u00e3o.<\/p>\n<p><strong><em>Por Davi Ferraz\u00a0<\/em><\/strong><\/p>\n<p><img decoding=\"async\" class=\"aligncenter\" src=\"http:\/\/www.sudoestehoje.com.br\/novoportal\/wp-content\/uploads\/2014\/12\/skala-novo.jpg\" alt=\"skala novo\" \/><\/p>\n","protected":false},"excerpt":{"rendered":"<p>Depois de ter acompanhado em Brasilia o julgamento do TSE que culminou com a sua cassa\u00e7\u00e3o, o prefeito Carlinhos retornou a Macarani, nesta quarta-feira, onde foi recebido por amigos, correligion\u00e1rios e grande parte da popula\u00e7\u00e3o, que manifestaram o seu descontamento com a equivocada e injusta decis\u00e3o da Justi\u00e7a Eleitoral. Durante os seus 6 anos e [&hellip;]<\/p>\n","protected":false},"author":2,"featured_media":0,"comment_status":"open","ping_status":"open","sticky":false,"template":"","format":"standard","meta":{"footnotes":"","_links_to":"","_links_to_target":""},"categories":[1],"tags":[],"class_list":["post-49582","post","type-post","status-publish","format-standard","hentry","category-geral"],"views":1292,"_links":{"self":[{"href":"https:\/\/www.sudoestehoje.com.br\/novoportal\/wp-json\/wp\/v2\/posts\/49582","targetHints":{"allow":["GET"]}}],"collection":[{"href":"https:\/\/www.sudoestehoje.com.br\/novoportal\/wp-json\/wp\/v2\/posts"}],"about":[{"href":"https:\/\/www.sudoestehoje.com.br\/novoportal\/wp-json\/wp\/v2\/types\/post"}],"author":[{"embeddable":true,"href":"https:\/\/www.sudoestehoje.com.br\/novoportal\/wp-json\/wp\/v2\/users\/2"}],"replies":[{"embeddable":true,"href":"https:\/\/www.sudoestehoje.com.br\/novoportal\/wp-json\/wp\/v2\/comments?post=49582"}],"version-history":[{"count":3,"href":"https:\/\/www.sudoestehoje.com.br\/novoportal\/wp-json\/wp\/v2\/posts\/49582\/revisions"}],"predecessor-version":[{"id":49587,"href":"https:\/\/www.sudoestehoje.com.br\/novoportal\/wp-json\/wp\/v2\/posts\/49582\/revisions\/49587"}],"wp:attachment":[{"href":"https:\/\/www.sudoestehoje.com.br\/novoportal\/wp-json\/wp\/v2\/media?parent=49582"}],"wp:term":[{"taxonomy":"category","embeddable":true,"href":"https:\/\/www.sudoestehoje.com.br\/novoportal\/wp-json\/wp\/v2\/categories?post=49582"},{"taxonomy":"post_tag","embeddable":true,"href":"https:\/\/www.sudoestehoje.com.br\/novoportal\/wp-json\/wp\/v2\/tags?post=49582"}],"curies":[{"name":"wp","href":"https:\/\/api.w.org\/{rel}","templated":true}]}}