
{"id":49566,"date":"2015-05-27T08:18:34","date_gmt":"2015-05-27T11:18:34","guid":{"rendered":"http:\/\/www.sudoestehoje.com.br\/novoportal\/?p=49566"},"modified":"2015-05-27T23:55:49","modified_gmt":"2015-05-28T02:55:49","slug":"farmacias-populares-geridas-pela-sesab-fecharao-portas-na-proxima-sexta","status":"publish","type":"post","link":"https:\/\/www.sudoestehoje.com.br\/novoportal\/2015\/05\/27\/farmacias-populares-geridas-pela-sesab-fecharao-portas-na-proxima-sexta\/","title":{"rendered":"FARM\u00c1CIAS POPULARES GERIDAS PELA SESAB FECHAR\u00c3O PORTAS NA PR\u00d3XIMA SEXTA"},"content":{"rendered":"<p><a href=\"http:\/\/www.sudoestehoje.com.br\/novoportal\/wp-content\/uploads\/2015\/05\/001.jpg\"><img loading=\"lazy\" decoding=\"async\" class=\"aligncenter size-medium wp-image-49568\" src=\"http:\/\/www.sudoestehoje.com.br\/novoportal\/wp-content\/uploads\/2015\/05\/001-500x331.jpg\" alt=\"001\" width=\"500\" height=\"331\" srcset=\"https:\/\/www.sudoestehoje.com.br\/novoportal\/wp-content\/uploads\/2015\/05\/001-500x331.jpg 500w, https:\/\/www.sudoestehoje.com.br\/novoportal\/wp-content\/uploads\/2015\/05\/001-700x463.jpg 700w, https:\/\/www.sudoestehoje.com.br\/novoportal\/wp-content\/uploads\/2015\/05\/001-150x99.jpg 150w, https:\/\/www.sudoestehoje.com.br\/novoportal\/wp-content\/uploads\/2015\/05\/001.jpg 800w\" sizes=\"auto, (max-width: 500px) 100vw, 500px\" \/><\/a><\/p>\n<p>As 24 farm\u00e1cias populares que funcionam na Bahia atrav\u00e9s de conv\u00eanio entre Secretaria de Sa\u00fade do Estado (Sesab) e Minist\u00e9rio da Sa\u00fade v\u00e3o encerrar as atividades na pr\u00f3xima sexta-feira (29). O motivo alegado para o fechamento foi a venda dos ativos da Empresa Baiana de Alimentos (Ebal), onde estavam instaladas as farm\u00e1cias.<\/p>\n<p>O desequil\u00edbrio entre as receitas e despesas ajudam a explicar o problema. Por ano, as unidades consumiam recursos da ordem de R$ 7,6 milh\u00f5es, enquanto as receitas totalizavam aproximadamente R$ 1,1 milh\u00e3o.<\/p>\n<p><img decoding=\"async\" class=\"aligncenter\" src=\"http:\/\/www.sudoestehoje.com.br\/novoportal\/wp-content\/uploads\/2014\/09\/supermoda.png\" alt=\"supermoda\" \/><\/p>\n","protected":false},"excerpt":{"rendered":"<p>As 24 farm\u00e1cias populares que funcionam na Bahia atrav\u00e9s de conv\u00eanio entre Secretaria de Sa\u00fade do Estado (Sesab) e Minist\u00e9rio da Sa\u00fade v\u00e3o encerrar as atividades na pr\u00f3xima sexta-feira (29). O motivo alegado para o fechamento foi a venda dos ativos da Empresa Baiana de Alimentos (Ebal), onde estavam instaladas as farm\u00e1cias. O desequil\u00edbrio entre [&hellip;]<\/p>\n","protected":false},"author":2,"featured_media":0,"comment_status":"open","ping_status":"open","sticky":false,"template":"","format":"standard","meta":{"footnotes":"","_links_to":"","_links_to_target":""},"categories":[1],"tags":[],"class_list":["post-49566","post","type-post","status-publish","format-standard","hentry","category-geral"],"views":1251,"_links":{"self":[{"href":"https:\/\/www.sudoestehoje.com.br\/novoportal\/wp-json\/wp\/v2\/posts\/49566","targetHints":{"allow":["GET"]}}],"collection":[{"href":"https:\/\/www.sudoestehoje.com.br\/novoportal\/wp-json\/wp\/v2\/posts"}],"about":[{"href":"https:\/\/www.sudoestehoje.com.br\/novoportal\/wp-json\/wp\/v2\/types\/post"}],"author":[{"embeddable":true,"href":"https:\/\/www.sudoestehoje.com.br\/novoportal\/wp-json\/wp\/v2\/users\/2"}],"replies":[{"embeddable":true,"href":"https:\/\/www.sudoestehoje.com.br\/novoportal\/wp-json\/wp\/v2\/comments?post=49566"}],"version-history":[{"count":4,"href":"https:\/\/www.sudoestehoje.com.br\/novoportal\/wp-json\/wp\/v2\/posts\/49566\/revisions"}],"predecessor-version":[{"id":49590,"href":"https:\/\/www.sudoestehoje.com.br\/novoportal\/wp-json\/wp\/v2\/posts\/49566\/revisions\/49590"}],"wp:attachment":[{"href":"https:\/\/www.sudoestehoje.com.br\/novoportal\/wp-json\/wp\/v2\/media?parent=49566"}],"wp:term":[{"taxonomy":"category","embeddable":true,"href":"https:\/\/www.sudoestehoje.com.br\/novoportal\/wp-json\/wp\/v2\/categories?post=49566"},{"taxonomy":"post_tag","embeddable":true,"href":"https:\/\/www.sudoestehoje.com.br\/novoportal\/wp-json\/wp\/v2\/tags?post=49566"}],"curies":[{"name":"wp","href":"https:\/\/api.w.org\/{rel}","templated":true}]}}