
{"id":49562,"date":"2015-05-27T08:08:20","date_gmt":"2015-05-27T11:08:20","guid":{"rendered":"http:\/\/www.sudoestehoje.com.br\/novoportal\/?p=49562"},"modified":"2015-05-27T23:56:38","modified_gmt":"2015-05-28T02:56:38","slug":"ex-presidente-da-cbf-e-dirigentes-da-fifa-sao-presos-por-corrupcao","status":"publish","type":"post","link":"https:\/\/www.sudoestehoje.com.br\/novoportal\/2015\/05\/27\/ex-presidente-da-cbf-e-dirigentes-da-fifa-sao-presos-por-corrupcao\/","title":{"rendered":"EX-PRESIDENTE DA CBF E DIRIGENTES DA FIFA S\u00c3O PRESOS POR CORRUP\u00c7\u00c3O"},"content":{"rendered":"<p><a href=\"http:\/\/www.sudoestehoje.com.br\/novoportal\/wp-content\/uploads\/2015\/05\/Marin2.jpg\"><img loading=\"lazy\" decoding=\"async\" class=\"aligncenter size-medium wp-image-49563\" src=\"http:\/\/www.sudoestehoje.com.br\/novoportal\/wp-content\/uploads\/2015\/05\/Marin2-500x358.jpg\" alt=\"Marin2\" width=\"500\" height=\"358\" srcset=\"https:\/\/www.sudoestehoje.com.br\/novoportal\/wp-content\/uploads\/2015\/05\/Marin2-500x358.jpg 500w, https:\/\/www.sudoestehoje.com.br\/novoportal\/wp-content\/uploads\/2015\/05\/Marin2-150x107.jpg 150w, https:\/\/www.sudoestehoje.com.br\/novoportal\/wp-content\/uploads\/2015\/05\/Marin2.jpg 650w\" sizes=\"auto, (max-width: 500px) 100vw, 500px\" \/><\/a><\/p>\n<p>A pol\u00edcia da Su\u00ed\u00e7a prendeu nesta quarta-feira seis dirigentes da Fifa e indiciou mais oito por corrup\u00e7\u00e3o em um hotel em Zurique, onde membros da organiza\u00e7\u00e3o estavam reunidos para uma elei\u00e7\u00e3o na sexta-feira que poderiam dar a Joseph Blatter um quinto mandato.<\/p>\n<p>Segundo a rede BBC, entre os presos est\u00e3o o brasileiro Jos\u00e9 Maria Marin, membro do comit\u00ea da Fifa; Jeffrey Webb, das Ilhas Cayman, chefe da confedera\u00e7\u00e3o da Concacaf; o uruguaio Eugenio Figueredo, presidente da Conmebol; Jack Warner, de Trinidad e Tobago, ex-vice-presidente da Fifa e ex-presidente da Concacaf; e Eduardo Li, presidente da Federa\u00e7\u00e3o da Costa Rica. H\u00e1 informa\u00e7\u00f5es de que o sexto detido seria o paragiuaio Nicol\u00e1s Leoz, ex-presidente da Conmebol.<\/p>\n<p><img decoding=\"async\" class=\"aligncenter\" src=\"http:\/\/www.sudoestehoje.com.br\/novoportal\/wp-content\/uploads\/2014\/07\/Feira-do-Lar-1.png\" alt=\"Feira-do-Lar (1)\" \/><\/p>\n","protected":false},"excerpt":{"rendered":"<p>A pol\u00edcia da Su\u00ed\u00e7a prendeu nesta quarta-feira seis dirigentes da Fifa e indiciou mais oito por corrup\u00e7\u00e3o em um hotel em Zurique, onde membros da organiza\u00e7\u00e3o estavam reunidos para uma elei\u00e7\u00e3o na sexta-feira que poderiam dar a Joseph Blatter um quinto mandato. Segundo a rede BBC, entre os presos est\u00e3o o brasileiro Jos\u00e9 Maria Marin, [&hellip;]<\/p>\n","protected":false},"author":2,"featured_media":0,"comment_status":"open","ping_status":"open","sticky":false,"template":"","format":"standard","meta":{"footnotes":"","_links_to":"","_links_to_target":""},"categories":[1],"tags":[],"class_list":["post-49562","post","type-post","status-publish","format-standard","hentry","category-geral"],"views":1185,"_links":{"self":[{"href":"https:\/\/www.sudoestehoje.com.br\/novoportal\/wp-json\/wp\/v2\/posts\/49562","targetHints":{"allow":["GET"]}}],"collection":[{"href":"https:\/\/www.sudoestehoje.com.br\/novoportal\/wp-json\/wp\/v2\/posts"}],"about":[{"href":"https:\/\/www.sudoestehoje.com.br\/novoportal\/wp-json\/wp\/v2\/types\/post"}],"author":[{"embeddable":true,"href":"https:\/\/www.sudoestehoje.com.br\/novoportal\/wp-json\/wp\/v2\/users\/2"}],"replies":[{"embeddable":true,"href":"https:\/\/www.sudoestehoje.com.br\/novoportal\/wp-json\/wp\/v2\/comments?post=49562"}],"version-history":[{"count":3,"href":"https:\/\/www.sudoestehoje.com.br\/novoportal\/wp-json\/wp\/v2\/posts\/49562\/revisions"}],"predecessor-version":[{"id":49591,"href":"https:\/\/www.sudoestehoje.com.br\/novoportal\/wp-json\/wp\/v2\/posts\/49562\/revisions\/49591"}],"wp:attachment":[{"href":"https:\/\/www.sudoestehoje.com.br\/novoportal\/wp-json\/wp\/v2\/media?parent=49562"}],"wp:term":[{"taxonomy":"category","embeddable":true,"href":"https:\/\/www.sudoestehoje.com.br\/novoportal\/wp-json\/wp\/v2\/categories?post=49562"},{"taxonomy":"post_tag","embeddable":true,"href":"https:\/\/www.sudoestehoje.com.br\/novoportal\/wp-json\/wp\/v2\/tags?post=49562"}],"curies":[{"name":"wp","href":"https:\/\/api.w.org\/{rel}","templated":true}]}}