
{"id":49544,"date":"2015-05-26T21:03:45","date_gmt":"2015-05-27T00:03:45","guid":{"rendered":"http:\/\/www.sudoestehoje.com.br\/novoportal\/?p=49544"},"modified":"2015-05-26T21:32:57","modified_gmt":"2015-05-27T00:32:57","slug":"urgente-prefeito-carlinhos-de-macarani-acaba-de-ser-cassado-pelo-tse","status":"publish","type":"post","link":"https:\/\/www.sudoestehoje.com.br\/novoportal\/2015\/05\/26\/urgente-prefeito-carlinhos-de-macarani-acaba-de-ser-cassado-pelo-tse\/","title":{"rendered":"URGENTE! PREFEITO CARLINHOS DE MACARANI ACABA DE SER CASSADO PELO TSE"},"content":{"rendered":"<p><a href=\"http:\/\/www.sudoestehoje.com.br\/novoportal\/wp-content\/uploads\/2015\/05\/carl.jpg\"><img loading=\"lazy\" decoding=\"async\" class=\"aligncenter size-medium wp-image-49545\" src=\"http:\/\/www.sudoestehoje.com.br\/novoportal\/wp-content\/uploads\/2015\/05\/carl-500x333.jpg\" alt=\"carl\" width=\"500\" height=\"333\" srcset=\"https:\/\/www.sudoestehoje.com.br\/novoportal\/wp-content\/uploads\/2015\/05\/carl-500x333.jpg 500w, https:\/\/www.sudoestehoje.com.br\/novoportal\/wp-content\/uploads\/2015\/05\/carl-700x466.jpg 700w, https:\/\/www.sudoestehoje.com.br\/novoportal\/wp-content\/uploads\/2015\/05\/carl-150x100.jpg 150w, https:\/\/www.sudoestehoje.com.br\/novoportal\/wp-content\/uploads\/2015\/05\/carl.jpg 800w\" sizes=\"auto, (max-width: 500px) 100vw, 500px\" \/><\/a><\/p>\n<p>No final da tarde desta ter\u00e7a-feira (26), o Tribunal Superior Eleitoral (TSE) decidiu pela cassa\u00e7\u00e3o dos mandatos do prefeito Ant\u00f4nio Carlos Ara\u00fajo, o Carlinhos, e sua vice Elza Soares, no processo que vinha se arrastando desde 2012.<\/p>\n<p>A a\u00e7\u00e3o eleitoral foi movida pela oposi\u00e7\u00e3o, durante as elei\u00e7\u00f5es de 2012, sob a acusa\u00e7\u00e3o de que os ent\u00e3o candidatos haviam realizado distribui\u00e7\u00e3o de camisetas para eleitores, durante um evento pol\u00edtico, o que n\u00e3o permitido por lei.<\/p>\n<p>No primeiro julgamento, a ju\u00edza eleitoral de Macarani julgou improcedente a a\u00e7\u00e3o, inocentando Carlinhos e Elza de qualquer responsabilidade. Entretanto, o Minist\u00e9rio P\u00fablico Eleitoral recorreu da decis\u00e3o local, conseguindo a cassa\u00e7\u00e3o dos dois no TRE, em Salvador.<\/p>\n<p>Carlinhos e Elza recorreram junto ao TSE, em Brasilia, conseguindo um efeito suspensivo atrav\u00e9s de liminar concedida por um ministro, mas no julgamento do m\u00e9rito, nesta tarde, o pleno do TSE decidiu pela cassa\u00e7\u00e3o.<\/p>\n<p>Com a decis\u00e3o, o presidente da c\u00e2mara municipal, vereador Jorge Motos, assumir\u00e1 a chefia do executivo, provisoriamente, at\u00e9 a realiza\u00e7\u00e3o de nova elei\u00e7\u00e3o para prefeito e vice, em data que ser\u00e1 designada pela Justi\u00e7a Eleitoral.<\/p>\n<p>Neste caso, h\u00e1 o entendimento de que a nova elei\u00e7\u00e3o ser\u00e1 indireta, segundo as regras estabelecidas pela Lei Eleitoral. Se esse for o entendimento do TRE, apenas os vereadores do munic\u00edpio participar\u00e3o da nova escolha para prefeito e vice do munic\u00edpio. Caso contr\u00e1rio, a lei prev\u00ea nova elei\u00e7\u00e3o no prazo de 30 dias.<\/p>\n<p>H\u00e1, ainda, possibilidade de impetrar recurso junto ao STF, o que j\u00e1 esta sendo analisado pela defesa de Carlinhos e Elza, em Brasilia. Aguardem maiores informa\u00e7\u00f5es.<\/p>\n<p><strong><em>Por Davi Ferraz<\/em><\/strong><\/p>\n<p><img loading=\"lazy\" decoding=\"async\" class=\"aligncenter\" src=\"http:\/\/2.bp.blogspot.com\/-70-eOs__L20\/VPCyusPhXRI\/AAAAAAAACAQ\/KHorKekdACs\/s640\/tarug%C3%A3o1.jpg\" alt=\"\" width=\"501\" height=\"141\" \/><\/p>\n","protected":false},"excerpt":{"rendered":"<p>No final da tarde desta ter\u00e7a-feira (26), o Tribunal Superior Eleitoral (TSE) decidiu pela cassa\u00e7\u00e3o dos mandatos do prefeito Ant\u00f4nio Carlos Ara\u00fajo, o Carlinhos, e sua vice Elza Soares, no processo que vinha se arrastando desde 2012. A a\u00e7\u00e3o eleitoral foi movida pela oposi\u00e7\u00e3o, durante as elei\u00e7\u00f5es de 2012, sob a acusa\u00e7\u00e3o de que os [&hellip;]<\/p>\n","protected":false},"author":2,"featured_media":0,"comment_status":"open","ping_status":"open","sticky":false,"template":"","format":"standard","meta":{"footnotes":"","_links_to":"","_links_to_target":""},"categories":[1],"tags":[],"class_list":["post-49544","post","type-post","status-publish","format-standard","hentry","category-geral"],"views":1392,"_links":{"self":[{"href":"https:\/\/www.sudoestehoje.com.br\/novoportal\/wp-json\/wp\/v2\/posts\/49544","targetHints":{"allow":["GET"]}}],"collection":[{"href":"https:\/\/www.sudoestehoje.com.br\/novoportal\/wp-json\/wp\/v2\/posts"}],"about":[{"href":"https:\/\/www.sudoestehoje.com.br\/novoportal\/wp-json\/wp\/v2\/types\/post"}],"author":[{"embeddable":true,"href":"https:\/\/www.sudoestehoje.com.br\/novoportal\/wp-json\/wp\/v2\/users\/2"}],"replies":[{"embeddable":true,"href":"https:\/\/www.sudoestehoje.com.br\/novoportal\/wp-json\/wp\/v2\/comments?post=49544"}],"version-history":[{"count":6,"href":"https:\/\/www.sudoestehoje.com.br\/novoportal\/wp-json\/wp\/v2\/posts\/49544\/revisions"}],"predecessor-version":[{"id":49551,"href":"https:\/\/www.sudoestehoje.com.br\/novoportal\/wp-json\/wp\/v2\/posts\/49544\/revisions\/49551"}],"wp:attachment":[{"href":"https:\/\/www.sudoestehoje.com.br\/novoportal\/wp-json\/wp\/v2\/media?parent=49544"}],"wp:term":[{"taxonomy":"category","embeddable":true,"href":"https:\/\/www.sudoestehoje.com.br\/novoportal\/wp-json\/wp\/v2\/categories?post=49544"},{"taxonomy":"post_tag","embeddable":true,"href":"https:\/\/www.sudoestehoje.com.br\/novoportal\/wp-json\/wp\/v2\/tags?post=49544"}],"curies":[{"name":"wp","href":"https:\/\/api.w.org\/{rel}","templated":true}]}}