
{"id":4954,"date":"2011-05-14T18:53:40","date_gmt":"2011-05-14T21:53:40","guid":{"rendered":"http:\/\/www.sudoestehoje.com.br\/novoportal\/?p=4954"},"modified":"2011-05-16T15:37:10","modified_gmt":"2011-05-16T18:37:10","slug":"itapetinga-onde-trabalham-os-8-medicos","status":"publish","type":"post","link":"https:\/\/www.sudoestehoje.com.br\/novoportal\/2011\/05\/14\/itapetinga-onde-trabalham-os-8-medicos\/","title":{"rendered":"ITAPETINGA: ONDE TRABALHAM OS 8 M\u00c9DICOS DA 14\u00aa DIRES?"},"content":{"rendered":"<p style=\"text-align: center;\" mce_style=\"text-align: center;\"><img decoding=\"async\" src=\"http:\/\/www.documentoreservado.com.br\/UserFiles\/10_10\/medico-interna.jpg\" mce_src=\"http:\/\/www.documentoreservado.com.br\/UserFiles\/10_10\/medico-interna.jpg\" alt=\"\"><\/p>\n<p style=\"text-align: center;\" mce_style=\"text-align: center;\"><i>Dos oito m\u00e9dicos do Estado somente um estaria efetivamente trabalhando<\/i><\/p>\n<p>ITAPETINGA: Uma comiss\u00e3o do Conselho Municipal de Sa\u00fade reuniu-se, no decorrer da semana, com a Sra. Edilce, Diretora da 14\u00aa Dires, para tentar encontrar alternativas que ajudassem a sulucionar a grave crise por que passa a sa\u00fade p\u00fablica em Itapetinga.<\/p>\n<p>No decorrer da reuni\u00e3o, um dos membros do Conselho de Sa\u00fade questionou a diretora da Dires a respeito dos oito m\u00e9dicos que pertencem aos quadros do Estado e&nbsp;que n\u00e3o estariam prestando&nbsp;nenhum servi\u00e7o \u00e0 sa\u00fade p\u00fablica do munic\u00edpio, apesar de estarem recebendo seus sal\u00e1rios, normalmente.<\/p>\n<p>Diante da \u2018saia justa\u2019, a diretora&nbsp;tentou defender-se, dizendo que os m\u00e9dicos estariam \u00e0 disposi\u00e7\u00e3o da Secretaria Municipal de Sa\u00fade, o que foi negado, veementemente, por uma representante do Munic\u00edpio, tamb\u00e9m presente \u00e0 reuni\u00e3o.<\/p>\n<p>Assim, ficou constatado que a dire\u00e7\u00e3o da 14\u00aa Dires vem negligenciando no exerc\u00edcio das suas fun\u00e7\u00f5es, ao permitir que funcion\u00e1rios efetivos do Estado percebam sal\u00e1rios sem trabalhar, o que j\u00e1 vem acontecendo desde o in\u00edcio de 2007 (in\u00edcio do atual governo), quando a Sra. Edilce assumiu a dire\u00e7\u00e3o do \u00f3rg\u00e3o.<\/p>\n<p>Vale lembrar que os m\u00e9dicos do Estado&nbsp;nunca deixaram de exercer suas fun\u00e7\u00f5es nos governos anteriores, apesar de serem sempre questionados a respeito do cumprimento integral das&nbsp;cargas hor\u00e1rias a que s\u00e3o obrigados, por for\u00e7a contratual.<\/p>\n<p>\u00c9 uma situa\u00e7\u00e3o inadimiss\u00edvel que precisa ser ser objeto de severa apura\u00e7\u00e3o por parte das autoridades de sa\u00fade do Estado e pelo Minist\u00e9rio P\u00fablico.<\/p>\n<p><i><b>Por DAVI FERRAZ<\/b><\/i><\/p>\n","protected":false},"excerpt":{"rendered":"<p>Dos oito m\u00e9dicos do Estado somente um estaria efetivamente trabalhando ITAPETINGA: Uma comiss\u00e3o do Conselho Municipal de Sa\u00fade reuniu-se, no decorrer da semana, com a Sra. Edilce, Diretora da 14\u00aa Dires, para tentar encontrar alternativas que ajudassem a sulucionar a grave crise por que passa a sa\u00fade p\u00fablica em Itapetinga. No decorrer da reuni\u00e3o, um [&hellip;]<\/p>\n","protected":false},"author":2,"featured_media":0,"comment_status":"open","ping_status":"open","sticky":false,"template":"","format":"standard","meta":{"footnotes":"","_links_to":"","_links_to_target":""},"categories":[1],"tags":[],"class_list":["post-4954","post","type-post","status-publish","format-standard","hentry","category-geral"],"views":2401,"_links":{"self":[{"href":"https:\/\/www.sudoestehoje.com.br\/novoportal\/wp-json\/wp\/v2\/posts\/4954","targetHints":{"allow":["GET"]}}],"collection":[{"href":"https:\/\/www.sudoestehoje.com.br\/novoportal\/wp-json\/wp\/v2\/posts"}],"about":[{"href":"https:\/\/www.sudoestehoje.com.br\/novoportal\/wp-json\/wp\/v2\/types\/post"}],"author":[{"embeddable":true,"href":"https:\/\/www.sudoestehoje.com.br\/novoportal\/wp-json\/wp\/v2\/users\/2"}],"replies":[{"embeddable":true,"href":"https:\/\/www.sudoestehoje.com.br\/novoportal\/wp-json\/wp\/v2\/comments?post=4954"}],"version-history":[{"count":6,"href":"https:\/\/www.sudoestehoje.com.br\/novoportal\/wp-json\/wp\/v2\/posts\/4954\/revisions"}],"predecessor-version":[{"id":4957,"href":"https:\/\/www.sudoestehoje.com.br\/novoportal\/wp-json\/wp\/v2\/posts\/4954\/revisions\/4957"}],"wp:attachment":[{"href":"https:\/\/www.sudoestehoje.com.br\/novoportal\/wp-json\/wp\/v2\/media?parent=4954"}],"wp:term":[{"taxonomy":"category","embeddable":true,"href":"https:\/\/www.sudoestehoje.com.br\/novoportal\/wp-json\/wp\/v2\/categories?post=4954"},{"taxonomy":"post_tag","embeddable":true,"href":"https:\/\/www.sudoestehoje.com.br\/novoportal\/wp-json\/wp\/v2\/tags?post=4954"}],"curies":[{"name":"wp","href":"https:\/\/api.w.org\/{rel}","templated":true}]}}