
{"id":49530,"date":"2015-05-26T17:22:58","date_gmt":"2015-05-26T20:22:58","guid":{"rendered":"http:\/\/www.sudoestehoje.com.br\/novoportal\/?p=49530"},"modified":"2015-05-26T17:30:43","modified_gmt":"2015-05-26T20:30:43","slug":"manifestantes-interditam-ba-270-em-protesto-contra-buraqueira","status":"publish","type":"post","link":"https:\/\/www.sudoestehoje.com.br\/novoportal\/2015\/05\/26\/manifestantes-interditam-ba-270-em-protesto-contra-buraqueira\/","title":{"rendered":"MANIFESTANTES INTERDITAM BA-270 EM PROTESTO CONTRA BURAQUEIRA"},"content":{"rendered":"<p><a href=\"http:\/\/www.sudoestehoje.com.br\/novoportal\/wp-content\/uploads\/2015\/05\/peuia.jpg\"><img loading=\"lazy\" decoding=\"async\" class=\"aligncenter size-medium wp-image-49538\" src=\"http:\/\/www.sudoestehoje.com.br\/novoportal\/wp-content\/uploads\/2015\/05\/peuia-500x300.jpg\" alt=\"peuia\" width=\"500\" height=\"300\" srcset=\"https:\/\/www.sudoestehoje.com.br\/novoportal\/wp-content\/uploads\/2015\/05\/peuia-500x300.jpg 500w, https:\/\/www.sudoestehoje.com.br\/novoportal\/wp-content\/uploads\/2015\/05\/peuia-700x420.jpg 700w, https:\/\/www.sudoestehoje.com.br\/novoportal\/wp-content\/uploads\/2015\/05\/peuia-150x90.jpg 150w, https:\/\/www.sudoestehoje.com.br\/novoportal\/wp-content\/uploads\/2015\/05\/peuia.jpg 960w\" sizes=\"auto, (max-width: 500px) 100vw, 500px\" \/><\/a><\/p>\n<p>Na manh\u00e3 desta ter\u00e7a-feira, moradores de Itarantim realizaram um protesto na rodovia BA- 270, na tentativa de chamar \u00e0 aten\u00e7\u00e3o do governo do estado para a situa\u00e7\u00e3o calamitosa da importante rodovia que liga os munic\u00edpios de Itarantim e Maiquinique, at\u00e9 o entroncamento de Macarani.<\/p>\n<p>A manifesta\u00e7\u00e3o foi liderada pelo vereador de Itarantim Marcos Pe\u00faia, e contou com a participa\u00e7\u00e3o de um grande n\u00famero de moradores e lideran\u00e7as pol\u00edticas locais. Houve queima de pneus e a rodovia foi fechada para o tr\u00e1fego. Quem se dirigia a Itarantim, teve que usar a rodovia Itapetinga &#8211; Potiragu\u00e1.<\/p>\n<p>Em mar\u00e7o deste ano, a Secretaria Estadual de Infraestrutura chegou a anunciar a recupera\u00e7\u00e3o das rodovias Itapetinga &#8211; Macarani e Maiquinique &#8211; Itarantim, ambas esburacadas e sem nenhuma manuten\u00e7\u00e3o, desde o fechamento do Derba.<\/p>\n<p>Mas ficou s\u00f3 na inten\u00e7\u00e3o, pois nenhuma provid\u00eancia foi adotada, de l\u00e1 para c\u00e1.<\/p>\n<p><strong><em>Por Davi Ferraz<\/em><\/strong><\/p>\n<p><img decoding=\"async\" class=\"aligncenter\" src=\"http:\/\/www.sudoestehoje.com.br\/novoportal\/wp-content\/uploads\/2014\/12\/skala-novo.jpg\" alt=\"skala novo\" \/><\/p>\n","protected":false},"excerpt":{"rendered":"<p>Na manh\u00e3 desta ter\u00e7a-feira, moradores de Itarantim realizaram um protesto na rodovia BA- 270, na tentativa de chamar \u00e0 aten\u00e7\u00e3o do governo do estado para a situa\u00e7\u00e3o calamitosa da importante rodovia que liga os munic\u00edpios de Itarantim e Maiquinique, at\u00e9 o entroncamento de Macarani. A manifesta\u00e7\u00e3o foi liderada pelo vereador de Itarantim Marcos Pe\u00faia, e [&hellip;]<\/p>\n","protected":false},"author":2,"featured_media":0,"comment_status":"open","ping_status":"open","sticky":false,"template":"","format":"standard","meta":{"footnotes":"","_links_to":"","_links_to_target":""},"categories":[1],"tags":[],"class_list":["post-49530","post","type-post","status-publish","format-standard","hentry","category-geral"],"views":1229,"_links":{"self":[{"href":"https:\/\/www.sudoestehoje.com.br\/novoportal\/wp-json\/wp\/v2\/posts\/49530","targetHints":{"allow":["GET"]}}],"collection":[{"href":"https:\/\/www.sudoestehoje.com.br\/novoportal\/wp-json\/wp\/v2\/posts"}],"about":[{"href":"https:\/\/www.sudoestehoje.com.br\/novoportal\/wp-json\/wp\/v2\/types\/post"}],"author":[{"embeddable":true,"href":"https:\/\/www.sudoestehoje.com.br\/novoportal\/wp-json\/wp\/v2\/users\/2"}],"replies":[{"embeddable":true,"href":"https:\/\/www.sudoestehoje.com.br\/novoportal\/wp-json\/wp\/v2\/comments?post=49530"}],"version-history":[{"count":12,"href":"https:\/\/www.sudoestehoje.com.br\/novoportal\/wp-json\/wp\/v2\/posts\/49530\/revisions"}],"predecessor-version":[{"id":49543,"href":"https:\/\/www.sudoestehoje.com.br\/novoportal\/wp-json\/wp\/v2\/posts\/49530\/revisions\/49543"}],"wp:attachment":[{"href":"https:\/\/www.sudoestehoje.com.br\/novoportal\/wp-json\/wp\/v2\/media?parent=49530"}],"wp:term":[{"taxonomy":"category","embeddable":true,"href":"https:\/\/www.sudoestehoje.com.br\/novoportal\/wp-json\/wp\/v2\/categories?post=49530"},{"taxonomy":"post_tag","embeddable":true,"href":"https:\/\/www.sudoestehoje.com.br\/novoportal\/wp-json\/wp\/v2\/tags?post=49530"}],"curies":[{"name":"wp","href":"https:\/\/api.w.org\/{rel}","templated":true}]}}