
{"id":49498,"date":"2015-05-25T18:13:01","date_gmt":"2015-05-25T21:13:01","guid":{"rendered":"http:\/\/www.sudoestehoje.com.br\/novoportal\/?p=49498"},"modified":"2015-05-26T10:13:54","modified_gmt":"2015-05-26T13:13:54","slug":"urgente-secretario-de-financas-ricardo-dutra-e-demitido-por-alecio","status":"publish","type":"post","link":"https:\/\/www.sudoestehoje.com.br\/novoportal\/2015\/05\/25\/urgente-secretario-de-financas-ricardo-dutra-e-demitido-por-alecio\/","title":{"rendered":"EXCLUSIVO! SECRET\u00c1RIO DE FINAN\u00c7AS RICARDO DUTRA \u00c9 DEMITIDO POR AL\u00c9CIO"},"content":{"rendered":"<p><a href=\"http:\/\/www.sudoestehoje.com.br\/novoportal\/wp-content\/uploads\/2015\/05\/ricardo-dutra.jpg\"><img loading=\"lazy\" decoding=\"async\" class=\"aligncenter size-medium wp-image-49499\" src=\"http:\/\/www.sudoestehoje.com.br\/novoportal\/wp-content\/uploads\/2015\/05\/ricardo-dutra-500x375.jpg\" alt=\"ricardo dutra\" width=\"500\" height=\"375\" srcset=\"https:\/\/www.sudoestehoje.com.br\/novoportal\/wp-content\/uploads\/2015\/05\/ricardo-dutra-500x375.jpg 500w, https:\/\/www.sudoestehoje.com.br\/novoportal\/wp-content\/uploads\/2015\/05\/ricardo-dutra-700x525.jpg 700w, https:\/\/www.sudoestehoje.com.br\/novoportal\/wp-content\/uploads\/2015\/05\/ricardo-dutra-150x113.jpg 150w, https:\/\/www.sudoestehoje.com.br\/novoportal\/wp-content\/uploads\/2015\/05\/ricardo-dutra.jpg 1152w\" sizes=\"auto, (max-width: 500px) 100vw, 500px\" \/><\/a><\/p>\n<p>Acaba de ser publicada no Di\u00e1rio Oficial Eletr\u00f4nico do Munic\u00edpio, o decreto de exonera\u00e7\u00e3o do Secret\u00e1rio Municipal de Finan\u00e7as, Ricardo Dutra, por determina\u00e7\u00e3o do prefeito em exerc\u00edcio Al\u00e9cio Chaves.<\/p>\n<p>Ricardo Dutra ocupava a pasta da fazenda na prefeitura de Itapetinga, desde janeiro de 2013, em substitui\u00e7\u00e3o ao irm\u00e3o do prefeito Z\u00e9 Carlos, quando esse foi afastado do cargo em raz\u00e3o do esc\u00e2ndalo da Bernardo Vidal, que deixou o prefeito Z\u00e9 Carlos em p\u00e9ssima situa\u00e7\u00e3o.<\/p>\n<p>Com o afastamento de Z\u00e9 Carlos para tratamento de sa\u00fade, o secret\u00e1rio Ricardo Dutra vinha se negando a colaborar com o prefeito em exerc\u00edcio, boicotando abertamente a administra\u00e7\u00e3o, fato que o levou a demiss\u00e3o sum\u00e1ria.<\/p>\n<p><a href=\"http:\/\/www.sudoestehoje.com.br\/novoportal\/wp-content\/uploads\/2015\/05\/di\u00e1rio-rd.jpg\"><img loading=\"lazy\" decoding=\"async\" class=\"aligncenter size-medium wp-image-49508\" src=\"http:\/\/www.sudoestehoje.com.br\/novoportal\/wp-content\/uploads\/2015\/05\/di\u00e1rio-rd-500x281.jpg\" alt=\"di\u00e1rio rd\" width=\"500\" height=\"281\" srcset=\"https:\/\/www.sudoestehoje.com.br\/novoportal\/wp-content\/uploads\/2015\/05\/di\u00e1rio-rd-500x281.jpg 500w, https:\/\/www.sudoestehoje.com.br\/novoportal\/wp-content\/uploads\/2015\/05\/di\u00e1rio-rd-700x394.jpg 700w, https:\/\/www.sudoestehoje.com.br\/novoportal\/wp-content\/uploads\/2015\/05\/di\u00e1rio-rd-150x84.jpg 150w, https:\/\/www.sudoestehoje.com.br\/novoportal\/wp-content\/uploads\/2015\/05\/di\u00e1rio-rd.jpg 960w\" sizes=\"auto, (max-width: 500px) 100vw, 500px\" \/><\/a><\/p>\n<p>A comunica\u00e7\u00e3o do seu afastamento foi feita pessoalmente pelo prefeito Al\u00e9cio Chaves, na manh\u00e3 desta segunda-feira, o que teria deixado Ricardo Dutra extremamente abatido, segundo fontes ligadas ao governo municipal.<\/p>\n<p>Como substituto, foi nomeado o advogado <strong><em>Juraci Nunes de Oliveira<\/em><\/strong>, que ocupava o cargo de Ouvidor Municipal.<\/p>\n<p>Confira Publica\u00e7\u00e3o:\u00a0<a title=\"decreto ricardo\" href=\"http:\/\/www.doem.org.br\/doem\/form.jsp?sys=DOE&amp;action=openform&amp;formID=34&amp;align=0&amp;mode=-1&amp;goto=-1&amp;filter=doe_entidades.ent_codigo=113&amp;scrolling=yes\">DECRETO EXONERA\u00c7\u00c3O RICARDO DUTRA<\/a><\/p>\n<p><img decoding=\"async\" class=\" aligncenter\" src=\"http:\/\/www.sudoestehoje.com.br\/novoportal\/wp-content\/uploads\/2015\/02\/NOVO-BANNER-COOLEITE-500x250.jpg\" alt=\"NOVO BANNER COOLEITE\" \/><!--more--><\/p>\n<p><em>&#8220;DECRETO N\u00ba. 1329\/2015 De 25 de maio de 2015 O Prefeito Municipal de Itapetinga Estado da Bahia, no uso de suas atribui\u00e7\u00f5es legais, R E S O L V E: Art. 1\u00ba. &#8211; Exonerar o Sr. RICARDO DA SILVEIRA DUTRA, do cargo de Secret\u00e1rio Municipal de Finan\u00e7as, s\u00edmbolo CC-1. Art. 2\u00ba. &#8211; Este Decreto entrar\u00e1 em vigor na data de sua publica\u00e7\u00e3o, revogadas as disposi\u00e7\u00f5es em contr\u00e1rio. Gabinete do Prefeito Municipal de Itapetinga &#8211; BA, em 25 de maio de 2015. Al\u00e9cio Silva Chaves &#8211; Prefeito Municipal em Exerc\u00edcio.&#8221;<\/em><\/p>\n<p><em>&#8220;DECRETO N\u00ba. 1330\/2015 De 25 de maio de 2015 O Prefeito Municipal de Itapetinga Estado da Bahia, no uso de suas atribui\u00e7\u00f5es legais, R E S O L V E: Art. 1\u00ba. &#8211; Nomear o Sr. Juraci Nunes de Oliveira para cargo de Secret\u00e1rio Municipal de Finan\u00e7as, s\u00edmbolo CC-1. Art. 2\u00ba. &#8211; Este Decreto entrar\u00e1 em vigor na data de sua publica\u00e7\u00e3o, revogadas as disposi\u00e7\u00f5es em contr\u00e1rio. Gabinete do Prefeito Municipal de Itapetinga &#8211; BA, em 25 de maio de 2015. Al\u00e9cio Silva Chaves &#8211; Prefeito Municipal em Exerc\u00edcio.&#8221;<\/em><\/p>\n<p><strong><em>Por Davi Ferraz<\/em><\/strong><\/p>\n","protected":false},"excerpt":{"rendered":"<p>Acaba de ser publicada no Di\u00e1rio Oficial Eletr\u00f4nico do Munic\u00edpio, o decreto de exonera\u00e7\u00e3o do Secret\u00e1rio Municipal de Finan\u00e7as, Ricardo Dutra, por determina\u00e7\u00e3o do prefeito em exerc\u00edcio Al\u00e9cio Chaves. Ricardo Dutra ocupava a pasta da fazenda na prefeitura de Itapetinga, desde janeiro de 2013, em substitui\u00e7\u00e3o ao irm\u00e3o do prefeito Z\u00e9 Carlos, quando esse foi [&hellip;]<\/p>\n","protected":false},"author":2,"featured_media":0,"comment_status":"open","ping_status":"open","sticky":false,"template":"","format":"standard","meta":{"footnotes":"","_links_to":"","_links_to_target":""},"categories":[1],"tags":[],"class_list":["post-49498","post","type-post","status-publish","format-standard","hentry","category-geral"],"views":1818,"_links":{"self":[{"href":"https:\/\/www.sudoestehoje.com.br\/novoportal\/wp-json\/wp\/v2\/posts\/49498","targetHints":{"allow":["GET"]}}],"collection":[{"href":"https:\/\/www.sudoestehoje.com.br\/novoportal\/wp-json\/wp\/v2\/posts"}],"about":[{"href":"https:\/\/www.sudoestehoje.com.br\/novoportal\/wp-json\/wp\/v2\/types\/post"}],"author":[{"embeddable":true,"href":"https:\/\/www.sudoestehoje.com.br\/novoportal\/wp-json\/wp\/v2\/users\/2"}],"replies":[{"embeddable":true,"href":"https:\/\/www.sudoestehoje.com.br\/novoportal\/wp-json\/wp\/v2\/comments?post=49498"}],"version-history":[{"count":10,"href":"https:\/\/www.sudoestehoje.com.br\/novoportal\/wp-json\/wp\/v2\/posts\/49498\/revisions"}],"predecessor-version":[{"id":49514,"href":"https:\/\/www.sudoestehoje.com.br\/novoportal\/wp-json\/wp\/v2\/posts\/49498\/revisions\/49514"}],"wp:attachment":[{"href":"https:\/\/www.sudoestehoje.com.br\/novoportal\/wp-json\/wp\/v2\/media?parent=49498"}],"wp:term":[{"taxonomy":"category","embeddable":true,"href":"https:\/\/www.sudoestehoje.com.br\/novoportal\/wp-json\/wp\/v2\/categories?post=49498"},{"taxonomy":"post_tag","embeddable":true,"href":"https:\/\/www.sudoestehoje.com.br\/novoportal\/wp-json\/wp\/v2\/tags?post=49498"}],"curies":[{"name":"wp","href":"https:\/\/api.w.org\/{rel}","templated":true}]}}