
{"id":49493,"date":"2015-05-25T17:26:57","date_gmt":"2015-05-25T20:26:57","guid":{"rendered":"http:\/\/www.sudoestehoje.com.br\/novoportal\/?p=49493"},"modified":"2015-05-26T10:14:47","modified_gmt":"2015-05-26T13:14:47","slug":"itambe-eduardo-gama-tem-o-apoio-de-lucio-para-disputar-eleicao-em-2016","status":"publish","type":"post","link":"https:\/\/www.sudoestehoje.com.br\/novoportal\/2015\/05\/25\/itambe-eduardo-gama-tem-o-apoio-de-lucio-para-disputar-eleicao-em-2016\/","title":{"rendered":"ITAMB\u00c9: EDUARDO GAMA TEM O APOIO DE L\u00daCIO PARA DISPUTAR ELEI\u00c7\u00c3O EM 2016"},"content":{"rendered":"<p><a href=\"http:\/\/www.sudoestehoje.com.br\/novoportal\/wp-content\/uploads\/2015\/05\/eduardo-gama.jpg\"><img loading=\"lazy\" decoding=\"async\" class=\"aligncenter size-medium wp-image-49494\" src=\"http:\/\/www.sudoestehoje.com.br\/novoportal\/wp-content\/uploads\/2015\/05\/eduardo-gama-500x375.jpg\" alt=\"eduardo gama\" width=\"500\" height=\"375\" srcset=\"https:\/\/www.sudoestehoje.com.br\/novoportal\/wp-content\/uploads\/2015\/05\/eduardo-gama-500x375.jpg 500w, https:\/\/www.sudoestehoje.com.br\/novoportal\/wp-content\/uploads\/2015\/05\/eduardo-gama-700x525.jpg 700w, https:\/\/www.sudoestehoje.com.br\/novoportal\/wp-content\/uploads\/2015\/05\/eduardo-gama-150x113.jpg 150w, https:\/\/www.sudoestehoje.com.br\/novoportal\/wp-content\/uploads\/2015\/05\/eduardo-gama.jpg 960w\" sizes=\"auto, (max-width: 500px) 100vw, 500px\" \/><\/a><\/p>\n<p>Durante o encontro da Juventude do PMDB, no \u00faltimo s\u00e1bado (23), o munic\u00edpio de Itamb\u00e9 foi representado pelo peemedebista Eduardo Gama, que compareceu ao evento acompanhado dos vereadores Iracildo e Alecciene, ex-candidata a deputada federal pelo PSB, obtendo quase mil votos na cidade, no \u00faltimo pleito.<\/p>\n<p><img loading=\"lazy\" decoding=\"async\" class=\" aligncenter\" src=\"https:\/\/scontent-gru1-1.xx.fbcdn.net\/hphotos-xaf1\/v\/t1.0-9\/11214389_843185459106190_6188056897907915501_n.jpg?oh=c45483018391281f792a7284ed3832cd&amp;oe=55FCD610\" alt=\"\" width=\"500\" height=\"375\" \/><\/p>\n<p>Eduardo Gama e os vereadores foram recebidos pelo deputado federal L\u00facio Vieira Lima, que mais uma vez reafirmou o seu apoio \u00e0 candidatura do l\u00edder itambeense a prefeito do munic\u00edpio, em 2016.<\/p>\n<p>Al\u00e9m da pauta pol\u00edtica, outros assuntos de interesse do munic\u00edpio tamb\u00e9m foram tratados. Eduardo Gama est\u00e1 otimista quanto \u00e0s suas possibilidades em 2016, principalmente em decorr\u00eancia da fraca gest\u00e3o do atual prefeito, a quem faz oposi\u00e7\u00e3o.<\/p>\n<p><strong><em>Por Davi Ferraz<\/em><\/strong><\/p>\n<p><img decoding=\"async\" class=\"aligncenter\" src=\"http:\/\/www.sudoestehoje.com.br\/novoportal\/wp-content\/uploads\/2015\/04\/skala-500x167.jpg\" alt=\"skala\" \/><\/p>\n","protected":false},"excerpt":{"rendered":"<p>Durante o encontro da Juventude do PMDB, no \u00faltimo s\u00e1bado (23), o munic\u00edpio de Itamb\u00e9 foi representado pelo peemedebista Eduardo Gama, que compareceu ao evento acompanhado dos vereadores Iracildo e Alecciene, ex-candidata a deputada federal pelo PSB, obtendo quase mil votos na cidade, no \u00faltimo pleito. Eduardo Gama e os vereadores foram recebidos pelo deputado [&hellip;]<\/p>\n","protected":false},"author":2,"featured_media":0,"comment_status":"open","ping_status":"open","sticky":false,"template":"","format":"standard","meta":{"footnotes":"","_links_to":"","_links_to_target":""},"categories":[1],"tags":[],"class_list":["post-49493","post","type-post","status-publish","format-standard","hentry","category-geral"],"views":1794,"_links":{"self":[{"href":"https:\/\/www.sudoestehoje.com.br\/novoportal\/wp-json\/wp\/v2\/posts\/49493","targetHints":{"allow":["GET"]}}],"collection":[{"href":"https:\/\/www.sudoestehoje.com.br\/novoportal\/wp-json\/wp\/v2\/posts"}],"about":[{"href":"https:\/\/www.sudoestehoje.com.br\/novoportal\/wp-json\/wp\/v2\/types\/post"}],"author":[{"embeddable":true,"href":"https:\/\/www.sudoestehoje.com.br\/novoportal\/wp-json\/wp\/v2\/users\/2"}],"replies":[{"embeddable":true,"href":"https:\/\/www.sudoestehoje.com.br\/novoportal\/wp-json\/wp\/v2\/comments?post=49493"}],"version-history":[{"count":3,"href":"https:\/\/www.sudoestehoje.com.br\/novoportal\/wp-json\/wp\/v2\/posts\/49493\/revisions"}],"predecessor-version":[{"id":49515,"href":"https:\/\/www.sudoestehoje.com.br\/novoportal\/wp-json\/wp\/v2\/posts\/49493\/revisions\/49515"}],"wp:attachment":[{"href":"https:\/\/www.sudoestehoje.com.br\/novoportal\/wp-json\/wp\/v2\/media?parent=49493"}],"wp:term":[{"taxonomy":"category","embeddable":true,"href":"https:\/\/www.sudoestehoje.com.br\/novoportal\/wp-json\/wp\/v2\/categories?post=49493"},{"taxonomy":"post_tag","embeddable":true,"href":"https:\/\/www.sudoestehoje.com.br\/novoportal\/wp-json\/wp\/v2\/tags?post=49493"}],"curies":[{"name":"wp","href":"https:\/\/api.w.org\/{rel}","templated":true}]}}