
{"id":49489,"date":"2015-05-25T15:47:43","date_gmt":"2015-05-25T18:47:43","guid":{"rendered":"http:\/\/www.sudoestehoje.com.br\/novoportal\/?p=49489"},"modified":"2015-05-26T10:15:45","modified_gmt":"2015-05-26T13:15:45","slug":"professores-da-uesb-rejeitam-proposta-do-governo-e-mantem-greve","status":"publish","type":"post","link":"https:\/\/www.sudoestehoje.com.br\/novoportal\/2015\/05\/25\/professores-da-uesb-rejeitam-proposta-do-governo-e-mantem-greve\/","title":{"rendered":"PROFESSORES DA UESB REJEITAM PROPOSTA DO GOVERNO E MANT\u00caM GREVE"},"content":{"rendered":"<p><a href=\"http:\/\/www.sudoestehoje.com.br\/novoportal\/wp-content\/uploads\/2015\/05\/ADUSB.jpg\"><img loading=\"lazy\" decoding=\"async\" class=\"aligncenter size-medium wp-image-49490\" src=\"http:\/\/www.sudoestehoje.com.br\/novoportal\/wp-content\/uploads\/2015\/05\/ADUSB-500x300.jpg\" alt=\"ADUSB\" width=\"500\" height=\"300\" srcset=\"https:\/\/www.sudoestehoje.com.br\/novoportal\/wp-content\/uploads\/2015\/05\/ADUSB.jpg 500w, https:\/\/www.sudoestehoje.com.br\/novoportal\/wp-content\/uploads\/2015\/05\/ADUSB-150x90.jpg 150w\" sizes=\"auto, (max-width: 500px) 100vw, 500px\" \/><\/a><\/p>\n<p>Os professores da UESB rejeitaram a <a href=\"http:\/\/www.blogdaresenhageral.com.br\/governo-apresenta-nova-proposta-a-professores-das-universidades-estaduais\/\">proposta do governo<\/a> de remanejamento de vagas. Em assembleia, na \u00faltima sexta-feira (22), aprovou a continuidade da greve por 82 votos e apenas um contr\u00e1rio. Os docentes discutiram ainda os crit\u00e9rios para definir as atividades da categoria que podem ser autorizadas durante a greve.<\/p>\n<p>O governo reafirmou a impossibilidade de amplia\u00e7\u00e3o do quadro de vagas nesse exerc\u00edcio. Para a realiza\u00e7\u00e3o de algumas promo\u00e7\u00f5es, os representantes governamentais propuseram o remanejamento de at\u00e9 20 vagas n\u00e3o ocupadas das classes de auxiliar e assistente para redistribu\u00ed-las para as demais. Desse modo, o projeto de lei para desvincula\u00e7\u00e3o de vagas por classe tamb\u00e9m foi retirado da mesa de negocia\u00e7\u00e3o.<\/p>\n<p>\u201cAo propor remanejamento, o governo demonstra seu total desrespeito com a carreira docente, n\u00e3o \u2018zera\u2019 a fila para promo\u00e7\u00e3o, nem resolve a demanda por concursos p\u00fablicos nas Universidades. Al\u00e9m disso, cria disputa entre a pr\u00f3pria categoria por promo\u00e7\u00e3o e fortalece a l\u00f3gica produtivista\u201d, afirma a Associa\u00e7\u00e3o dos Docentes da Uesb (Adusb).<\/p>\n<p>Os professores realizar\u00e3o atos em Vit\u00f3ria da Conquista, Jequi\u00e9 e Itapetinga, nesta sexta (29), em defesa dos direitos trabalhistas e das Universidades Estaduais.<\/p>\n<p><img decoding=\"async\" class=\"aligncenter\" src=\"http:\/\/www.sudoestehoje.com.br\/novoportal\/wp-content\/uploads\/2015\/05\/rezende-500x163-500x163.jpg\" alt=\"rezende-500x163\" \/><\/p>\n","protected":false},"excerpt":{"rendered":"<p>Os professores da UESB rejeitaram a proposta do governo de remanejamento de vagas. Em assembleia, na \u00faltima sexta-feira (22), aprovou a continuidade da greve por 82 votos e apenas um contr\u00e1rio. Os docentes discutiram ainda os crit\u00e9rios para definir as atividades da categoria que podem ser autorizadas durante a greve. O governo reafirmou a impossibilidade [&hellip;]<\/p>\n","protected":false},"author":2,"featured_media":0,"comment_status":"open","ping_status":"open","sticky":false,"template":"","format":"standard","meta":{"footnotes":"","_links_to":"","_links_to_target":""},"categories":[1],"tags":[],"class_list":["post-49489","post","type-post","status-publish","format-standard","hentry","category-geral"],"views":1274,"_links":{"self":[{"href":"https:\/\/www.sudoestehoje.com.br\/novoportal\/wp-json\/wp\/v2\/posts\/49489","targetHints":{"allow":["GET"]}}],"collection":[{"href":"https:\/\/www.sudoestehoje.com.br\/novoportal\/wp-json\/wp\/v2\/posts"}],"about":[{"href":"https:\/\/www.sudoestehoje.com.br\/novoportal\/wp-json\/wp\/v2\/types\/post"}],"author":[{"embeddable":true,"href":"https:\/\/www.sudoestehoje.com.br\/novoportal\/wp-json\/wp\/v2\/users\/2"}],"replies":[{"embeddable":true,"href":"https:\/\/www.sudoestehoje.com.br\/novoportal\/wp-json\/wp\/v2\/comments?post=49489"}],"version-history":[{"count":2,"href":"https:\/\/www.sudoestehoje.com.br\/novoportal\/wp-json\/wp\/v2\/posts\/49489\/revisions"}],"predecessor-version":[{"id":49516,"href":"https:\/\/www.sudoestehoje.com.br\/novoportal\/wp-json\/wp\/v2\/posts\/49489\/revisions\/49516"}],"wp:attachment":[{"href":"https:\/\/www.sudoestehoje.com.br\/novoportal\/wp-json\/wp\/v2\/media?parent=49489"}],"wp:term":[{"taxonomy":"category","embeddable":true,"href":"https:\/\/www.sudoestehoje.com.br\/novoportal\/wp-json\/wp\/v2\/categories?post=49489"},{"taxonomy":"post_tag","embeddable":true,"href":"https:\/\/www.sudoestehoje.com.br\/novoportal\/wp-json\/wp\/v2\/tags?post=49489"}],"curies":[{"name":"wp","href":"https:\/\/api.w.org\/{rel}","templated":true}]}}