
{"id":49473,"date":"2015-05-24T23:41:25","date_gmt":"2015-05-25T02:41:25","guid":{"rendered":"http:\/\/www.sudoestehoje.com.br\/novoportal\/?p=49473"},"modified":"2015-05-26T10:16:42","modified_gmt":"2015-05-26T13:16:42","slug":"assessoria-de-comunicacao-divulga-suposta-entrevista-com-ze-carlos","status":"publish","type":"post","link":"https:\/\/www.sudoestehoje.com.br\/novoportal\/2015\/05\/24\/assessoria-de-comunicacao-divulga-suposta-entrevista-com-ze-carlos\/","title":{"rendered":"ITAPETINGA: ASSESSORIA DE COMUNICA\u00c7\u00c3O DIVULGA ENTREVISTA COM Z\u00c9 CARLOS"},"content":{"rendered":"<p><a href=\"http:\/\/www.sudoestehoje.com.br\/novoportal\/wp-content\/uploads\/2015\/05\/IMG-20150524-WA0024.jpg\"><img loading=\"lazy\" decoding=\"async\" class=\"aligncenter size-medium wp-image-49474\" src=\"http:\/\/www.sudoestehoje.com.br\/novoportal\/wp-content\/uploads\/2015\/05\/IMG-20150524-WA0024-500x302.jpg\" alt=\"IMG-20150524-WA0024\" width=\"500\" height=\"302\" srcset=\"https:\/\/www.sudoestehoje.com.br\/novoportal\/wp-content\/uploads\/2015\/05\/IMG-20150524-WA0024-500x302.jpg 500w, https:\/\/www.sudoestehoje.com.br\/novoportal\/wp-content\/uploads\/2015\/05\/IMG-20150524-WA0024-150x91.jpg 150w, https:\/\/www.sudoestehoje.com.br\/novoportal\/wp-content\/uploads\/2015\/05\/IMG-20150524-WA0024.jpg 614w\" sizes=\"auto, (max-width: 500px) 100vw, 500px\" \/><\/a><\/p>\n<p><strong><em>Por Davi Ferraz<\/em><\/strong><\/p>\n<p>A Assessoria de Comunica\u00e7\u00e3o da Prefeitura de Itapetinga encaminhou a alguns blogs, neste domingo, uma suposta entrevista com o prefeito Z\u00e9 Carlos, na qual ele fala sobre o seu estado de sa\u00fade e possibilidade de retorno a Itapetinga. Uma foto em que Z\u00e9 Carlos aparece ao lado da sua fam\u00edlia, tamb\u00e9m foi divulgada.<\/p>\n<p>H\u00e1 quem afirme que a &#8216;entrevista&#8217; foi fabricada por seus partid\u00e1rios, para tentar conter as provid\u00eancias dr\u00e1sticas adotadas pelo vice Al\u00e9cio Chaves, inclusive com a demiss\u00e3o de figuras ligadas ao QG de Z\u00e9 Carlos. Confiram a nota da prefeitura, na \u00edntegra:<\/p>\n<p><em>&#8220;As \u00faltimas not\u00edcias sobre a sa\u00fade do Prefeito Jos\u00e9 Carlos Moura, foram dadas por ele mesmo, no s\u00e1bado (23.05). Ele iniciou suas palavras prestando solidariedade \u00e0 fam\u00edlia de Dr. Arnaldo Teixeira, \u201cQuero levar os meus sentimentos a fam\u00edlia de Dr. Arnaldo, uma pessoa que foi meu parceiro de chapa. Apesar de ideologicamente pensarmos diferentes, era meu amigo, eu sinto muito por ele ter mudado para o andar de cima precocemente. Deus sabe o que faz, e nos da o consolo. Eu sei o que a fam\u00edlia est\u00e1 passando, n\u00e3o \u00e9 f\u00e1cil perder um ente querido, o meu abra\u00e7o e que Deus os proteja\u201d<\/em><\/p>\n<p><em>Para alegria de todos que esperavam not\u00edcias do Prefeito, ele afirmou que falta apenas a alta de um m\u00e9dico que est\u00e1 viajando, \u201cJ\u00e1 estou liberado pelo cardiologista, pelo endocrinologista, por quase todos os m\u00e9dicos, falta apenas o urologista que se encontra viajando. Quero dizer a voc\u00eas que estou bem, gra\u00e7as a Deus e as ora\u00e7\u00f5es de voc\u00eas, que foram o pilar da minha recupera\u00e7\u00e3o, estarei em breve em Itapetinga, recuperando o tempo perdido, trabalhando por voc\u00eas\u201d.<\/em><\/p>\n<p><em>Jos\u00e9 Carlos Moura afirmou que logo estar\u00e1 em Itapetinga, \u201cBreve estarei voltando para Itapetinga e retomando o meu lugar com f\u00e9 em Deus, sempre segurando n\u00e3o m\u00e3os Dele. Como fa\u00e7o quando vou dormir, agrade\u00e7o pelo dia e pela manh\u00e3 pe\u00e7o que Ele ilumine os meus caminhos. A voc\u00eas que oraram por mim, digo uma coisa, eu s\u00f3 tenho vergonha de uma coisa, de n\u00e3o ter palavras suficientes para agradecer todas as ora\u00e7\u00f5es. Queria ter mais palavras, mas s\u00f3 posso dizer muito obrigado, vou ter a oportunidade de abra\u00e7ar e agradecer cada um de voc\u00eas por tudo que fizeram por mim. Obrigada a Deus, obrigada a minha fam\u00edlia\u201d<\/em><\/p>\n<p><em>Na entrevista o Prefeito afirma se emocionar com o seu neto, \u201cDizem que uma concha s\u00f3 da uma p\u00e9rola, mas a minha deu tr\u00eas p\u00e9rolas, Cida, Amanda e Moacir. Fui contemplado, tive duas m\u00e3es, dois pais e uma fam\u00edlia linda, minha mulher, meus filhos e meu Neto, que oram por mim, at\u00e9 me emociono quando falo nele, acho lindo.&#8221;<\/em><\/p>\n<p>O nome do &#8216;entrevistador&#8217; n\u00e3o foi divulgado.<\/p>\n<p><img decoding=\"async\" class=\"aligncenter\" src=\"http:\/\/www.sudoestehoje.com.br\/novoportal\/wp-content\/uploads\/2014\/12\/Banner-Casabella-500x104.jpg\" alt=\"Banner Casabella\" \/><\/p>\n","protected":false},"excerpt":{"rendered":"<p>Por Davi Ferraz A Assessoria de Comunica\u00e7\u00e3o da Prefeitura de Itapetinga encaminhou a alguns blogs, neste domingo, uma suposta entrevista com o prefeito Z\u00e9 Carlos, na qual ele fala sobre o seu estado de sa\u00fade e possibilidade de retorno a Itapetinga. Uma foto em que Z\u00e9 Carlos aparece ao lado da sua fam\u00edlia, tamb\u00e9m foi [&hellip;]<\/p>\n","protected":false},"author":2,"featured_media":0,"comment_status":"open","ping_status":"open","sticky":false,"template":"","format":"standard","meta":{"footnotes":"","_links_to":"","_links_to_target":""},"categories":[1],"tags":[],"class_list":["post-49473","post","type-post","status-publish","format-standard","hentry","category-geral"],"views":1217,"_links":{"self":[{"href":"https:\/\/www.sudoestehoje.com.br\/novoportal\/wp-json\/wp\/v2\/posts\/49473","targetHints":{"allow":["GET"]}}],"collection":[{"href":"https:\/\/www.sudoestehoje.com.br\/novoportal\/wp-json\/wp\/v2\/posts"}],"about":[{"href":"https:\/\/www.sudoestehoje.com.br\/novoportal\/wp-json\/wp\/v2\/types\/post"}],"author":[{"embeddable":true,"href":"https:\/\/www.sudoestehoje.com.br\/novoportal\/wp-json\/wp\/v2\/users\/2"}],"replies":[{"embeddable":true,"href":"https:\/\/www.sudoestehoje.com.br\/novoportal\/wp-json\/wp\/v2\/comments?post=49473"}],"version-history":[{"count":9,"href":"https:\/\/www.sudoestehoje.com.br\/novoportal\/wp-json\/wp\/v2\/posts\/49473\/revisions"}],"predecessor-version":[{"id":49517,"href":"https:\/\/www.sudoestehoje.com.br\/novoportal\/wp-json\/wp\/v2\/posts\/49473\/revisions\/49517"}],"wp:attachment":[{"href":"https:\/\/www.sudoestehoje.com.br\/novoportal\/wp-json\/wp\/v2\/media?parent=49473"}],"wp:term":[{"taxonomy":"category","embeddable":true,"href":"https:\/\/www.sudoestehoje.com.br\/novoportal\/wp-json\/wp\/v2\/categories?post=49473"},{"taxonomy":"post_tag","embeddable":true,"href":"https:\/\/www.sudoestehoje.com.br\/novoportal\/wp-json\/wp\/v2\/tags?post=49473"}],"curies":[{"name":"wp","href":"https:\/\/api.w.org\/{rel}","templated":true}]}}