
{"id":49384,"date":"2015-05-22T17:41:00","date_gmt":"2015-05-22T20:41:00","guid":{"rendered":"http:\/\/www.sudoestehoje.com.br\/novoportal\/?p=49384"},"modified":"2015-05-26T10:20:40","modified_gmt":"2015-05-26T13:20:40","slug":"vacinacao-contra-gripe-e-prorrogada","status":"publish","type":"post","link":"https:\/\/www.sudoestehoje.com.br\/novoportal\/2015\/05\/22\/vacinacao-contra-gripe-e-prorrogada\/","title":{"rendered":"VACINA\u00c7\u00c3O CONTRA GRIPE \u00c9 PRORROGADA"},"content":{"rendered":"<p><em><a href=\"http:\/\/www.sudoestehoje.com.br\/novoportal\/wp-content\/uploads\/2015\/05\/vacina_gripe.jpg\"><img loading=\"lazy\" decoding=\"async\" class=\"aligncenter size-medium wp-image-49386\" src=\"http:\/\/www.sudoestehoje.com.br\/novoportal\/wp-content\/uploads\/2015\/05\/vacina_gripe-500x322.jpg\" alt=\"vacina_gripe\" width=\"500\" height=\"322\" srcset=\"https:\/\/www.sudoestehoje.com.br\/novoportal\/wp-content\/uploads\/2015\/05\/vacina_gripe-500x322.jpg 500w, https:\/\/www.sudoestehoje.com.br\/novoportal\/wp-content\/uploads\/2015\/05\/vacina_gripe-150x97.jpg 150w, https:\/\/www.sudoestehoje.com.br\/novoportal\/wp-content\/uploads\/2015\/05\/vacina_gripe.jpg 640w\" sizes=\"auto, (max-width: 500px) 100vw, 500px\" \/><\/a><\/em><\/p>\n<p>A campanha de vacina\u00e7\u00e3o contra a gripe foi prorrogada at\u00e9 o dia 5 de junho em toda a Bahia. A medida foi adotada porque n\u00e3o foi alcan\u00e7ada a meta de vacina\u00e7\u00e3o que \u00e9 de imunizar 80% da popula\u00e7\u00e3o alvo, o equivalente a 3,3 milh\u00f5es de baianos. Em Vit\u00f3ria da Conquista, menos de 35% do p\u00fablico foi vacinado, cerca de 22 mil pessoas dos 71.528 que a Secretaria Municipal de Sa\u00fade pretendem vacinar.<\/p>\n<p>Os grupos priorit\u00e1rios que est\u00e3o sendo atendidos s\u00e3o: crian\u00e7as de seis meses a menores de cinco anos, gestantes, pu\u00e9rperas \u2013 mulheres que acabaram de dar \u00e0 luz \u2013, trabalhadores da sa\u00fade, povos ind\u00edgenas, indiv\u00edduos com 60 anos ou mais, pessoas privadas de liberdade e funcion\u00e1rios do sistema prisional e portadores de doen\u00e7as cr\u00f4nicas n\u00e3o transmiss\u00edveis e outras condi\u00e7\u00f5es cl\u00ednicas especiais (estes, independente da idade).<\/p>\n<p>Quem se encaixa em um desses grupos e ainda n\u00e3o se vacinou deve procurar a unidade de sa\u00fade mais pr\u00f3xima de sua resid\u00eancia, portando o cart\u00e3o de vacina\u00e7\u00e3o. As unidades de sa\u00fade ficam abertas das 8h \u00e0s 17h. Atualmente, o munic\u00edpio conta com 40 salas de vacina\u00e7\u00e3o nas zonas urbana e rural e uma equipe volante para atendimento em alguns povoados da zona rural.<\/p>\n<p><img decoding=\"async\" class=\"aligncenter\" src=\"http:\/\/www.sudoestehoje.com.br\/novoportal\/wp-content\/uploads\/2014\/11\/RAMOS-PNEUS-HORIZONTAL-500x332.jpg\" alt=\"RAMOS PNEUS HORIZONTAL\" \/><\/p>\n","protected":false},"excerpt":{"rendered":"<p>A campanha de vacina\u00e7\u00e3o contra a gripe foi prorrogada at\u00e9 o dia 5 de junho em toda a Bahia. A medida foi adotada porque n\u00e3o foi alcan\u00e7ada a meta de vacina\u00e7\u00e3o que \u00e9 de imunizar 80% da popula\u00e7\u00e3o alvo, o equivalente a 3,3 milh\u00f5es de baianos. Em Vit\u00f3ria da Conquista, menos de 35% do p\u00fablico [&hellip;]<\/p>\n","protected":false},"author":2,"featured_media":0,"comment_status":"open","ping_status":"open","sticky":false,"template":"","format":"standard","meta":{"footnotes":"","_links_to":"","_links_to_target":""},"categories":[1],"tags":[],"class_list":["post-49384","post","type-post","status-publish","format-standard","hentry","category-geral"],"views":1105,"_links":{"self":[{"href":"https:\/\/www.sudoestehoje.com.br\/novoportal\/wp-json\/wp\/v2\/posts\/49384","targetHints":{"allow":["GET"]}}],"collection":[{"href":"https:\/\/www.sudoestehoje.com.br\/novoportal\/wp-json\/wp\/v2\/posts"}],"about":[{"href":"https:\/\/www.sudoestehoje.com.br\/novoportal\/wp-json\/wp\/v2\/types\/post"}],"author":[{"embeddable":true,"href":"https:\/\/www.sudoestehoje.com.br\/novoportal\/wp-json\/wp\/v2\/users\/2"}],"replies":[{"embeddable":true,"href":"https:\/\/www.sudoestehoje.com.br\/novoportal\/wp-json\/wp\/v2\/comments?post=49384"}],"version-history":[{"count":3,"href":"https:\/\/www.sudoestehoje.com.br\/novoportal\/wp-json\/wp\/v2\/posts\/49384\/revisions"}],"predecessor-version":[{"id":49521,"href":"https:\/\/www.sudoestehoje.com.br\/novoportal\/wp-json\/wp\/v2\/posts\/49384\/revisions\/49521"}],"wp:attachment":[{"href":"https:\/\/www.sudoestehoje.com.br\/novoportal\/wp-json\/wp\/v2\/media?parent=49384"}],"wp:term":[{"taxonomy":"category","embeddable":true,"href":"https:\/\/www.sudoestehoje.com.br\/novoportal\/wp-json\/wp\/v2\/categories?post=49384"},{"taxonomy":"post_tag","embeddable":true,"href":"https:\/\/www.sudoestehoje.com.br\/novoportal\/wp-json\/wp\/v2\/tags?post=49384"}],"curies":[{"name":"wp","href":"https:\/\/api.w.org\/{rel}","templated":true}]}}