
{"id":49325,"date":"2015-05-20T19:03:35","date_gmt":"2015-05-20T22:03:35","guid":{"rendered":"http:\/\/www.sudoestehoje.com.br\/novoportal\/?p=49325"},"modified":"2015-05-20T19:08:39","modified_gmt":"2015-05-20T22:08:39","slug":"itarantim-fabrica-da-suzana-santos-calcados-entra-em-operacao","status":"publish","type":"post","link":"https:\/\/www.sudoestehoje.com.br\/novoportal\/2015\/05\/20\/itarantim-fabrica-da-suzana-santos-calcados-entra-em-operacao\/","title":{"rendered":"ITARANTIM: F\u00c1BRICA DA SUZANA SANTOS CAL\u00c7ADOS ENTRA EM OPERA\u00c7\u00c3O"},"content":{"rendered":"<div><a href=\"http:\/\/www.sudoestehoje.com.br\/novoportal\/wp-content\/uploads\/2015\/05\/f-1.jpg\"><img loading=\"lazy\" decoding=\"async\" class=\"aligncenter size-medium wp-image-49327\" src=\"http:\/\/www.sudoestehoje.com.br\/novoportal\/wp-content\/uploads\/2015\/05\/f-1-500x333.jpg\" alt=\"f 1\" width=\"500\" height=\"333\" srcset=\"https:\/\/www.sudoestehoje.com.br\/novoportal\/wp-content\/uploads\/2015\/05\/f-1-500x333.jpg 500w, https:\/\/www.sudoestehoje.com.br\/novoportal\/wp-content\/uploads\/2015\/05\/f-1-150x100.jpg 150w, https:\/\/www.sudoestehoje.com.br\/novoportal\/wp-content\/uploads\/2015\/05\/f-1.jpg 640w\" sizes=\"auto, (max-width: 500px) 100vw, 500px\" \/><\/a><\/div>\n<div>Um dos momentos mais esperados pela popula\u00e7\u00e3o de Itarantim, tornou-se realidade, com a entrada em opera\u00e7\u00e3o da Suzana Cal\u00e7ados, nova f\u00e1brica de cal\u00e7ados rec\u00e9m instalada no munic\u00edpio. A nova ind\u00fastria, que ocupou o antigo galp\u00e3o da Azal\u00e9ia, iniciou suas atividades em Itarantim, com a marca <em>Renata Mello<\/em>.<\/div>\n<div><a href=\"http:\/\/www.sudoestehoje.com.br\/novoportal\/wp-content\/uploads\/2015\/05\/f2.jpg\"><img loading=\"lazy\" decoding=\"async\" class=\"aligncenter size-medium wp-image-49328\" src=\"http:\/\/www.sudoestehoje.com.br\/novoportal\/wp-content\/uploads\/2015\/05\/f2-500x333.jpg\" alt=\"f2\" width=\"500\" height=\"333\" srcset=\"https:\/\/www.sudoestehoje.com.br\/novoportal\/wp-content\/uploads\/2015\/05\/f2-500x333.jpg 500w, https:\/\/www.sudoestehoje.com.br\/novoportal\/wp-content\/uploads\/2015\/05\/f2-150x100.jpg 150w, https:\/\/www.sudoestehoje.com.br\/novoportal\/wp-content\/uploads\/2015\/05\/f2.jpg 640w\" sizes=\"auto, (max-width: 500px) 100vw, 500px\" \/><\/a><\/div>\n<div>Segundo relato do gerente geral da f\u00e1brica, Janderson Marchiori, 75 funcion\u00e1rios j\u00e1 est\u00e3o trabalhando nas atividades de corte, costura, almoxarifado e portaria. \u00c0 medida da necessidade, segundo o gerente, haver\u00e1 novas contrata\u00e7\u00f5es. No primeiro turno, trabalhar\u00e3o 180 funcion\u00e1rios, e quando estiver pronto todo projeto, ser\u00e1 criado outro turno de trabalho, com 180 novas vagas.<\/div>\n<div><a href=\"http:\/\/www.sudoestehoje.com.br\/novoportal\/wp-content\/uploads\/2015\/05\/f3.jpg\"><img loading=\"lazy\" decoding=\"async\" class=\"aligncenter size-medium wp-image-49329\" src=\"http:\/\/www.sudoestehoje.com.br\/novoportal\/wp-content\/uploads\/2015\/05\/f3-500x333.jpg\" alt=\"f3\" width=\"500\" height=\"333\" srcset=\"https:\/\/www.sudoestehoje.com.br\/novoportal\/wp-content\/uploads\/2015\/05\/f3-500x333.jpg 500w, https:\/\/www.sudoestehoje.com.br\/novoportal\/wp-content\/uploads\/2015\/05\/f3-150x100.jpg 150w, https:\/\/www.sudoestehoje.com.br\/novoportal\/wp-content\/uploads\/2015\/05\/f3.jpg 640w\" sizes=\"auto, (max-width: 500px) 100vw, 500px\" \/><\/a><\/div>\n<div>Ao lado da f\u00e1brica, outro galp\u00e3o j\u00e1 est\u00e1 quase pronto, onde a unidade de fabrica\u00e7\u00e3o de palmilhas e solados funcionar\u00e1, gerando mais 170 vagas. Itarantim contar\u00e1 ainda com o Centro de Distribui\u00e7\u00e3o Geral da nova ind\u00fastria, para o Norte e Nordeste do pa\u00eds.<\/div>\n<div><a href=\"http:\/\/www.sudoestehoje.com.br\/novoportal\/wp-content\/uploads\/2015\/05\/f4.jpg\"><img loading=\"lazy\" decoding=\"async\" class=\"aligncenter size-medium wp-image-49330\" src=\"http:\/\/www.sudoestehoje.com.br\/novoportal\/wp-content\/uploads\/2015\/05\/f4-500x333.jpg\" alt=\"f4\" width=\"500\" height=\"333\" srcset=\"https:\/\/www.sudoestehoje.com.br\/novoportal\/wp-content\/uploads\/2015\/05\/f4-500x333.jpg 500w, https:\/\/www.sudoestehoje.com.br\/novoportal\/wp-content\/uploads\/2015\/05\/f4-150x100.jpg 150w, https:\/\/www.sudoestehoje.com.br\/novoportal\/wp-content\/uploads\/2015\/05\/f4.jpg 640w\" sizes=\"auto, (max-width: 500px) 100vw, 500px\" \/><\/a><\/div>\n<div>\u00c9 bom lembrar que essa importante realiza\u00e7\u00e3o deveu-se, exclusivamente, ao empenho do prefeito Dr. Paulo Fernandes, do senador Otto Alencar, do deputado federal Jos\u00e9 Carlos Ara\u00fajo, Tim\u00f3teo Brito e C\u00edcero Alencar, todos engajados no projeto que se torna uma das maiores conquistas de um munic\u00edpio baiano, nesta \u00e9poca de vacas magras. Informa\u00e7\u00f5es do Itarantim Agora<\/div>\n<div><img decoding=\"async\" class=\"aligncenter\" src=\"http:\/\/www.sudoestehoje.com.br\/novoportal\/wp-content\/uploads\/2014\/11\/RAMOS-PNEUS-HORIZONTAL-500x332.jpg\" alt=\"RAMOS PNEUS HORIZONTAL\" \/><\/div>\n","protected":false},"excerpt":{"rendered":"<p>Um dos momentos mais esperados pela popula\u00e7\u00e3o de Itarantim, tornou-se realidade, com a entrada em opera\u00e7\u00e3o da Suzana Cal\u00e7ados, nova f\u00e1brica de cal\u00e7ados rec\u00e9m instalada no munic\u00edpio. A nova ind\u00fastria, que ocupou o antigo galp\u00e3o da Azal\u00e9ia, iniciou suas atividades em Itarantim, com a marca Renata Mello. Segundo relato do gerente geral da f\u00e1brica, Janderson [&hellip;]<\/p>\n","protected":false},"author":2,"featured_media":0,"comment_status":"open","ping_status":"open","sticky":false,"template":"","format":"standard","meta":{"footnotes":"","_links_to":"","_links_to_target":""},"categories":[1],"tags":[],"class_list":["post-49325","post","type-post","status-publish","format-standard","hentry","category-geral"],"views":8291,"_links":{"self":[{"href":"https:\/\/www.sudoestehoje.com.br\/novoportal\/wp-json\/wp\/v2\/posts\/49325","targetHints":{"allow":["GET"]}}],"collection":[{"href":"https:\/\/www.sudoestehoje.com.br\/novoportal\/wp-json\/wp\/v2\/posts"}],"about":[{"href":"https:\/\/www.sudoestehoje.com.br\/novoportal\/wp-json\/wp\/v2\/types\/post"}],"author":[{"embeddable":true,"href":"https:\/\/www.sudoestehoje.com.br\/novoportal\/wp-json\/wp\/v2\/users\/2"}],"replies":[{"embeddable":true,"href":"https:\/\/www.sudoestehoje.com.br\/novoportal\/wp-json\/wp\/v2\/comments?post=49325"}],"version-history":[{"count":6,"href":"https:\/\/www.sudoestehoje.com.br\/novoportal\/wp-json\/wp\/v2\/posts\/49325\/revisions"}],"predecessor-version":[{"id":49335,"href":"https:\/\/www.sudoestehoje.com.br\/novoportal\/wp-json\/wp\/v2\/posts\/49325\/revisions\/49335"}],"wp:attachment":[{"href":"https:\/\/www.sudoestehoje.com.br\/novoportal\/wp-json\/wp\/v2\/media?parent=49325"}],"wp:term":[{"taxonomy":"category","embeddable":true,"href":"https:\/\/www.sudoestehoje.com.br\/novoportal\/wp-json\/wp\/v2\/categories?post=49325"},{"taxonomy":"post_tag","embeddable":true,"href":"https:\/\/www.sudoestehoje.com.br\/novoportal\/wp-json\/wp\/v2\/tags?post=49325"}],"curies":[{"name":"wp","href":"https:\/\/api.w.org\/{rel}","templated":true}]}}