
{"id":49313,"date":"2015-05-19T23:26:30","date_gmt":"2015-05-20T02:26:30","guid":{"rendered":"http:\/\/www.sudoestehoje.com.br\/novoportal\/?p=49313"},"modified":"2015-05-19T23:37:24","modified_gmt":"2015-05-20T02:37:24","slug":"universidades-estaduais-fazem-enterro-do-governador-rui-costa","status":"publish","type":"post","link":"https:\/\/www.sudoestehoje.com.br\/novoportal\/2015\/05\/19\/universidades-estaduais-fazem-enterro-do-governador-rui-costa\/","title":{"rendered":"UNIVERSIDADES ESTADUAIS FAZEM &#8220;ENTERRO&#8221; DO GOVERNADOR RUI COSTA"},"content":{"rendered":"<p><a href=\"http:\/\/www.sudoestehoje.com.br\/novoportal\/wp-content\/uploads\/2015\/05\/enterro-rui.jpg\"><img loading=\"lazy\" decoding=\"async\" class=\"aligncenter size-medium wp-image-49314\" src=\"http:\/\/www.sudoestehoje.com.br\/novoportal\/wp-content\/uploads\/2015\/05\/enterro-rui-500x300.jpg\" alt=\"enterro rui\" width=\"500\" height=\"300\" srcset=\"https:\/\/www.sudoestehoje.com.br\/novoportal\/wp-content\/uploads\/2015\/05\/enterro-rui.jpg 500w, https:\/\/www.sudoestehoje.com.br\/novoportal\/wp-content\/uploads\/2015\/05\/enterro-rui-150x90.jpg 150w\" sizes=\"auto, (max-width: 500px) 100vw, 500px\" \/><\/a><\/p>\n<p>Professores, estudantes e funcion\u00e1rios da UESB e das demais Universidades Estaduais, realizaram um enterro simb\u00f3lico do governador Rui Costa (PT) nesta ter\u00e7a-feira (19), em frente \u00e0 Secretaria de Educa\u00e7\u00e3o em Salvador. A categoria est\u00e1 em greve desde o dia 13 de maio e luta por mais investimentos para as Institui\u00e7\u00f5es, bem como o respeito aos direitos trabalhistas.<\/p>\n<p><a href=\"http:\/\/www.sudoestehoje.com.br\/novoportal\/wp-content\/uploads\/2015\/05\/enterro-rui-2.jpg\"><img loading=\"lazy\" decoding=\"async\" class=\"aligncenter  wp-image-49315\" src=\"http:\/\/www.sudoestehoje.com.br\/novoportal\/wp-content\/uploads\/2015\/05\/enterro-rui-2.jpg\" alt=\"enterro rui 2\" width=\"350\" height=\"500\" srcset=\"https:\/\/www.sudoestehoje.com.br\/novoportal\/wp-content\/uploads\/2015\/05\/enterro-rui-2.jpg 210w, https:\/\/www.sudoestehoje.com.br\/novoportal\/wp-content\/uploads\/2015\/05\/enterro-rui-2-105x150.jpg 105w\" sizes=\"auto, (max-width: 350px) 100vw, 350px\" \/><\/a><\/p>\n<p>A comunidade acad\u00eamica das universidades levou faixas, cartazes, mortalhas e coroas de flores para a porta da secretaria em protesto contra o arrocho financeiro enfrentado pelas institui\u00e7\u00f5es. Os professores denunciaram os problemas vividos, al\u00e9m de cobrar solu\u00e7\u00f5es efetivas. A Associa\u00e7\u00e3o de Docentes da Uesb (Adusb) aponta que na institui\u00e7\u00e3o mais de 250 professores aguardam por promo\u00e7\u00f5es, progress\u00f5es e mudan\u00e7as de regime de trabalho.<\/p>\n<p><img decoding=\"async\" class=\"aligncenter\" src=\"http:\/\/www.sudoestehoje.com.br\/novoportal\/wp-content\/uploads\/2015\/04\/skala-500x167.jpg\" alt=\"skala\" \/><\/p>\n","protected":false},"excerpt":{"rendered":"<p>Professores, estudantes e funcion\u00e1rios da UESB e das demais Universidades Estaduais, realizaram um enterro simb\u00f3lico do governador Rui Costa (PT) nesta ter\u00e7a-feira (19), em frente \u00e0 Secretaria de Educa\u00e7\u00e3o em Salvador. A categoria est\u00e1 em greve desde o dia 13 de maio e luta por mais investimentos para as Institui\u00e7\u00f5es, bem como o respeito aos [&hellip;]<\/p>\n","protected":false},"author":2,"featured_media":0,"comment_status":"open","ping_status":"open","sticky":false,"template":"","format":"standard","meta":{"footnotes":"","_links_to":"","_links_to_target":""},"categories":[1],"tags":[],"class_list":["post-49313","post","type-post","status-publish","format-standard","hentry","category-geral"],"views":1436,"_links":{"self":[{"href":"https:\/\/www.sudoestehoje.com.br\/novoportal\/wp-json\/wp\/v2\/posts\/49313","targetHints":{"allow":["GET"]}}],"collection":[{"href":"https:\/\/www.sudoestehoje.com.br\/novoportal\/wp-json\/wp\/v2\/posts"}],"about":[{"href":"https:\/\/www.sudoestehoje.com.br\/novoportal\/wp-json\/wp\/v2\/types\/post"}],"author":[{"embeddable":true,"href":"https:\/\/www.sudoestehoje.com.br\/novoportal\/wp-json\/wp\/v2\/users\/2"}],"replies":[{"embeddable":true,"href":"https:\/\/www.sudoestehoje.com.br\/novoportal\/wp-json\/wp\/v2\/comments?post=49313"}],"version-history":[{"count":2,"href":"https:\/\/www.sudoestehoje.com.br\/novoportal\/wp-json\/wp\/v2\/posts\/49313\/revisions"}],"predecessor-version":[{"id":49317,"href":"https:\/\/www.sudoestehoje.com.br\/novoportal\/wp-json\/wp\/v2\/posts\/49313\/revisions\/49317"}],"wp:attachment":[{"href":"https:\/\/www.sudoestehoje.com.br\/novoportal\/wp-json\/wp\/v2\/media?parent=49313"}],"wp:term":[{"taxonomy":"category","embeddable":true,"href":"https:\/\/www.sudoestehoje.com.br\/novoportal\/wp-json\/wp\/v2\/categories?post=49313"},{"taxonomy":"post_tag","embeddable":true,"href":"https:\/\/www.sudoestehoje.com.br\/novoportal\/wp-json\/wp\/v2\/tags?post=49313"}],"curies":[{"name":"wp","href":"https:\/\/api.w.org\/{rel}","templated":true}]}}