
{"id":49300,"date":"2015-05-19T17:31:18","date_gmt":"2015-05-19T20:31:18","guid":{"rendered":"http:\/\/www.sudoestehoje.com.br\/novoportal\/?p=49300"},"modified":"2015-05-19T23:48:54","modified_gmt":"2015-05-20T02:48:54","slug":"viva-vai-ter-sao-joao-em-itapetinga","status":"publish","type":"post","link":"https:\/\/www.sudoestehoje.com.br\/novoportal\/2015\/05\/19\/viva-vai-ter-sao-joao-em-itapetinga\/","title":{"rendered":"VIVA! VAI TER S\u00c3O JO\u00c3O EM ITAPETINGA"},"content":{"rendered":"<div id=\"attachment_49301\" style=\"width: 510px\" class=\"wp-caption aligncenter\"><a href=\"http:\/\/www.sudoestehoje.com.br\/novoportal\/wp-content\/uploads\/2015\/05\/Sao-Joao-Itapetinga.jpg\"><img loading=\"lazy\" decoding=\"async\" aria-describedby=\"caption-attachment-49301\" class=\"size-medium wp-image-49301\" src=\"http:\/\/www.sudoestehoje.com.br\/novoportal\/wp-content\/uploads\/2015\/05\/Sao-Joao-Itapetinga-500x375.jpg\" alt=\"Foto arquivo Sudoeste Hoje\" width=\"500\" height=\"375\" srcset=\"https:\/\/www.sudoestehoje.com.br\/novoportal\/wp-content\/uploads\/2015\/05\/Sao-Joao-Itapetinga-500x375.jpg 500w, https:\/\/www.sudoestehoje.com.br\/novoportal\/wp-content\/uploads\/2015\/05\/Sao-Joao-Itapetinga-700x525.jpg 700w, https:\/\/www.sudoestehoje.com.br\/novoportal\/wp-content\/uploads\/2015\/05\/Sao-Joao-Itapetinga-150x113.jpg 150w, https:\/\/www.sudoestehoje.com.br\/novoportal\/wp-content\/uploads\/2015\/05\/Sao-Joao-Itapetinga.jpg 800w\" sizes=\"auto, (max-width: 500px) 100vw, 500px\" \/><\/a><p id=\"caption-attachment-49301\" class=\"wp-caption-text\">Foto arquivo Sudoeste Hoje<\/p><\/div>\n<p>Mesmo com toda a equipe de governo se posicionando contr\u00e1ria \u00e0 realiza\u00e7\u00e3o da festa de S\u00e3o Jo\u00e3o, o prefeito em exerc\u00edcio, Al\u00e9cio Chaves, decidiu realizar os festejos juninos no Parque da Lagoa, com uma programa\u00e7\u00e3o bem mais modesta e barata.<\/p>\n<p>Numa parceria com a CDL, a prefeitura realizar\u00e1 uma festa de quatro dias, com as seguintes atra\u00e7\u00f5es: Serginho de Goi\u00e1s, Garanh\u00f5es do Forr\u00f3, Netinho do Forr\u00f3, Xote Apimentado, Os Federais e Cacau com Leite. Bandas e cantores locais completar\u00e3o o resto da programa\u00e7\u00e3o.<\/p>\n<p>Segundo a assessoria de cultura da prefeitura, o custo total da festa n\u00e3o dever\u00e1 ultrapassar a R$350 mil reais, muito abaixo dos mais de R$ 1 milh\u00e3o que foram torrados na festa mixuruca do ano passado, com a chancela do hoje &#8216;intransigente&#8217; secret\u00e1rio de finan\u00e7as.<\/p>\n<p>A festa de S\u00e3o Jo\u00e3o de Itapetinga vem decaindo a cada ano e tinha tudo para n\u00e3o ser realizada em 2015, n\u00e3o fosse a persist\u00eancia de Al\u00e9cio Chaves e o apoio da CDL. Os distritos de Palmares e Bandeira do Col\u00f4nia ficam de fora da programa\u00e7\u00e3o de S\u00e3o Jo\u00e3o de 2015, por &#8220;escassez de recursos&#8221;.<\/p>\n<p><strong><em>Por Davi Ferraz<\/em><\/strong><\/p>\n<p><img decoding=\"async\" class=\"aligncenter\" src=\"http:\/\/img.blogdoanderson.com\/publicidade\/cristo-redentor-02-15.jpg\" alt=\"\" \/><\/p>\n","protected":false},"excerpt":{"rendered":"<p>Mesmo com toda a equipe de governo se posicionando contr\u00e1ria \u00e0 realiza\u00e7\u00e3o da festa de S\u00e3o Jo\u00e3o, o prefeito em exerc\u00edcio, Al\u00e9cio Chaves, decidiu realizar os festejos juninos no Parque da Lagoa, com uma programa\u00e7\u00e3o bem mais modesta e barata. Numa parceria com a CDL, a prefeitura realizar\u00e1 uma festa de quatro dias, com as [&hellip;]<\/p>\n","protected":false},"author":2,"featured_media":0,"comment_status":"open","ping_status":"open","sticky":false,"template":"","format":"standard","meta":{"footnotes":"","_links_to":"","_links_to_target":""},"categories":[1],"tags":[],"class_list":["post-49300","post","type-post","status-publish","format-standard","hentry","category-geral"],"views":3304,"_links":{"self":[{"href":"https:\/\/www.sudoestehoje.com.br\/novoportal\/wp-json\/wp\/v2\/posts\/49300","targetHints":{"allow":["GET"]}}],"collection":[{"href":"https:\/\/www.sudoestehoje.com.br\/novoportal\/wp-json\/wp\/v2\/posts"}],"about":[{"href":"https:\/\/www.sudoestehoje.com.br\/novoportal\/wp-json\/wp\/v2\/types\/post"}],"author":[{"embeddable":true,"href":"https:\/\/www.sudoestehoje.com.br\/novoportal\/wp-json\/wp\/v2\/users\/2"}],"replies":[{"embeddable":true,"href":"https:\/\/www.sudoestehoje.com.br\/novoportal\/wp-json\/wp\/v2\/comments?post=49300"}],"version-history":[{"count":5,"href":"https:\/\/www.sudoestehoje.com.br\/novoportal\/wp-json\/wp\/v2\/posts\/49300\/revisions"}],"predecessor-version":[{"id":49319,"href":"https:\/\/www.sudoestehoje.com.br\/novoportal\/wp-json\/wp\/v2\/posts\/49300\/revisions\/49319"}],"wp:attachment":[{"href":"https:\/\/www.sudoestehoje.com.br\/novoportal\/wp-json\/wp\/v2\/media?parent=49300"}],"wp:term":[{"taxonomy":"category","embeddable":true,"href":"https:\/\/www.sudoestehoje.com.br\/novoportal\/wp-json\/wp\/v2\/categories?post=49300"},{"taxonomy":"post_tag","embeddable":true,"href":"https:\/\/www.sudoestehoje.com.br\/novoportal\/wp-json\/wp\/v2\/tags?post=49300"}],"curies":[{"name":"wp","href":"https:\/\/api.w.org\/{rel}","templated":true}]}}