
{"id":49289,"date":"2015-05-19T00:17:59","date_gmt":"2015-05-19T03:17:59","guid":{"rendered":"http:\/\/www.sudoestehoje.com.br\/novoportal\/?p=49289"},"modified":"2015-05-19T22:40:34","modified_gmt":"2015-05-20T01:40:34","slug":"professores-da-uesb-realizam-cortejo-funebre-de-rui-costa-nesta-terca","status":"publish","type":"post","link":"https:\/\/www.sudoestehoje.com.br\/novoportal\/2015\/05\/19\/professores-da-uesb-realizam-cortejo-funebre-de-rui-costa-nesta-terca\/","title":{"rendered":"PROFESSORES DA UESB REALIZAM &#8220;CORTEJO F\u00daNEBRE&#8221; DE RUI COSTA NESTA TER\u00c7A"},"content":{"rendered":"<p><a href=\"http:\/\/www.sudoestehoje.com.br\/novoportal\/wp-content\/uploads\/2015\/05\/rui-costa-governador-governo-da-bahia1.png\"><img loading=\"lazy\" decoding=\"async\" class=\"aligncenter size-medium wp-image-49290\" src=\"http:\/\/www.sudoestehoje.com.br\/novoportal\/wp-content\/uploads\/2015\/05\/rui-costa-governador-governo-da-bahia1-500x333.png\" alt=\"rui-costa-governador-governo-da-bahia1\" width=\"500\" height=\"333\" srcset=\"https:\/\/www.sudoestehoje.com.br\/novoportal\/wp-content\/uploads\/2015\/05\/rui-costa-governador-governo-da-bahia1-500x333.png 500w, https:\/\/www.sudoestehoje.com.br\/novoportal\/wp-content\/uploads\/2015\/05\/rui-costa-governador-governo-da-bahia1-700x467.png 700w, https:\/\/www.sudoestehoje.com.br\/novoportal\/wp-content\/uploads\/2015\/05\/rui-costa-governador-governo-da-bahia1-150x100.png 150w, https:\/\/www.sudoestehoje.com.br\/novoportal\/wp-content\/uploads\/2015\/05\/rui-costa-governador-governo-da-bahia1.png 750w\" sizes=\"auto, (max-width: 500px) 100vw, 500px\" \/><\/a><\/p>\n<p>Em protesto contra o que os professores chamam de \u201cdescaso do governo\u201d, os docentes da Universidade Estadual do Sudoeste da Bahia (Uesb) e das demais Universidades Estaduais realizar\u00e3o o enterro simb\u00f3lico do governador Rui Costa (PT) nesta ter\u00e7a (19).<\/p>\n<p>A atividade ocorrer\u00e1 em frente \u00e0 Secretaria Estadual de Educa\u00e7\u00e3o, em Salvador, \u00e0s 9h. A categoria est\u00e1 em greve desde o dia 13 de maio e luta por mais investimentos para as Institui\u00e7\u00f5es, bem como o respeito aos direitos trabalhistas.\u00a0Com faixas, cartazes, mortalhas e coroas de flores, a comunidade acad\u00eamica das Universidades Estaduais da Bahia pretendem denunciar os \u201cproblemas vividos, al\u00e9m de cobrar solu\u00e7\u00f5es efetivas\u201d.<\/p>\n<p>Desde o ano passado o Movimento tenta garantir direitos trabalhistas previstos em lei. \u201cApenas na UESB mais de 250 professores aguardam por promo\u00e7\u00f5es, progress\u00f5es e mudan\u00e7as de regime de trabalho. O governo se recusa ainda a atender outras reivindica\u00e7\u00f5es como a amplia\u00e7\u00e3o do n\u00famero de professores efetivos e o investimento de 7% da receita l\u00edquida de impostos para o or\u00e7amento das Universidades\u201d, diz o grupo, em nota.<\/p>\n<p><img decoding=\"async\" class=\"aligncenter\" src=\"http:\/\/www.sudoestehoje.com.br\/novoportal\/wp-content\/uploads\/2015\/05\/rezende-500x163-500x163.jpg\" alt=\"rezende-500x163\" \/><\/p>\n","protected":false},"excerpt":{"rendered":"<p>Em protesto contra o que os professores chamam de \u201cdescaso do governo\u201d, os docentes da Universidade Estadual do Sudoeste da Bahia (Uesb) e das demais Universidades Estaduais realizar\u00e3o o enterro simb\u00f3lico do governador Rui Costa (PT) nesta ter\u00e7a (19). A atividade ocorrer\u00e1 em frente \u00e0 Secretaria Estadual de Educa\u00e7\u00e3o, em Salvador, \u00e0s 9h. A categoria [&hellip;]<\/p>\n","protected":false},"author":2,"featured_media":0,"comment_status":"open","ping_status":"open","sticky":false,"template":"","format":"standard","meta":{"footnotes":"","_links_to":"","_links_to_target":""},"categories":[1],"tags":[],"class_list":["post-49289","post","type-post","status-publish","format-standard","hentry","category-geral"],"views":1856,"_links":{"self":[{"href":"https:\/\/www.sudoestehoje.com.br\/novoportal\/wp-json\/wp\/v2\/posts\/49289","targetHints":{"allow":["GET"]}}],"collection":[{"href":"https:\/\/www.sudoestehoje.com.br\/novoportal\/wp-json\/wp\/v2\/posts"}],"about":[{"href":"https:\/\/www.sudoestehoje.com.br\/novoportal\/wp-json\/wp\/v2\/types\/post"}],"author":[{"embeddable":true,"href":"https:\/\/www.sudoestehoje.com.br\/novoportal\/wp-json\/wp\/v2\/users\/2"}],"replies":[{"embeddable":true,"href":"https:\/\/www.sudoestehoje.com.br\/novoportal\/wp-json\/wp\/v2\/comments?post=49289"}],"version-history":[{"count":2,"href":"https:\/\/www.sudoestehoje.com.br\/novoportal\/wp-json\/wp\/v2\/posts\/49289\/revisions"}],"predecessor-version":[{"id":49305,"href":"https:\/\/www.sudoestehoje.com.br\/novoportal\/wp-json\/wp\/v2\/posts\/49289\/revisions\/49305"}],"wp:attachment":[{"href":"https:\/\/www.sudoestehoje.com.br\/novoportal\/wp-json\/wp\/v2\/media?parent=49289"}],"wp:term":[{"taxonomy":"category","embeddable":true,"href":"https:\/\/www.sudoestehoje.com.br\/novoportal\/wp-json\/wp\/v2\/categories?post=49289"},{"taxonomy":"post_tag","embeddable":true,"href":"https:\/\/www.sudoestehoje.com.br\/novoportal\/wp-json\/wp\/v2\/tags?post=49289"}],"curies":[{"name":"wp","href":"https:\/\/api.w.org\/{rel}","templated":true}]}}