
{"id":49282,"date":"2015-05-18T22:39:52","date_gmt":"2015-05-19T01:39:52","guid":{"rendered":"http:\/\/www.sudoestehoje.com.br\/novoportal\/?p=49282"},"modified":"2015-05-19T22:41:46","modified_gmt":"2015-05-20T01:41:46","slug":"prefeito-de-caatiba-trata-dos-ultimos-detalhes-para-receber-nova-fabrica","status":"publish","type":"post","link":"https:\/\/www.sudoestehoje.com.br\/novoportal\/2015\/05\/18\/prefeito-de-caatiba-trata-dos-ultimos-detalhes-para-receber-nova-fabrica\/","title":{"rendered":"PREFEITO DE CAATIBA TRATA DOS \u00daLTIMOS DETALHES PARA RECEBER NOVA F\u00c1BRICA"},"content":{"rendered":"<div id=\"attachment_49283\" style=\"width: 510px\" class=\"wp-caption aligncenter\"><a href=\"http:\/\/www.sudoestehoje.com.br\/novoportal\/wp-content\/uploads\/2015\/05\/caat-1.jpg\"><img loading=\"lazy\" decoding=\"async\" aria-describedby=\"caption-attachment-49283\" class=\"size-medium wp-image-49283\" src=\"http:\/\/www.sudoestehoje.com.br\/novoportal\/wp-content\/uploads\/2015\/05\/caat-1-500x276.jpg\" alt=\"Prefeito Junior Mendes se reuniu com o diretor geral da B\u00e1rbara Kr\u00e1s e com o futuro gerente da f\u00e1brica em Caatiba.\" width=\"500\" height=\"276\" srcset=\"https:\/\/www.sudoestehoje.com.br\/novoportal\/wp-content\/uploads\/2015\/05\/caat-1-500x276.jpg 500w, https:\/\/www.sudoestehoje.com.br\/novoportal\/wp-content\/uploads\/2015\/05\/caat-1-150x83.jpg 150w, https:\/\/www.sudoestehoje.com.br\/novoportal\/wp-content\/uploads\/2015\/05\/caat-1.jpg 640w\" sizes=\"auto, (max-width: 500px) 100vw, 500px\" \/><\/a><p id=\"caption-attachment-49283\" class=\"wp-caption-text\">Prefeito Junior Mendes se reuniu com o diretor geral da B\u00e1rbara Kr\u00e1s e com o futuro gerente da f\u00e1brica em Caatiba.<\/p><\/div>\n<p>Neste \u00faltimo domingo (17), o prefeito J\u00fanior Mendes se reuniu com o dirigentes da Industria de Cal\u00e7ados B\u00e1rbara Kr\u00e1s, em Itamb\u00e9, para tratar dos \u00faltimos detalhes para a instala\u00e7\u00e3o da empresa cal\u00e7adista no munic\u00edpio de Caatiba, com previs\u00e3o de gerar mais de 300 empregos diretos na cidade.<\/p>\n<p>A busca por uma nova fonte de emprego e renda para o munic\u00edpio de Caatiba tem sido incessante, uma vez que a comunidade vem sofrendo com a falta de oportunidades, desde o fechamento da filial da Vulcabr\u00e1s\/Azaleia, em 2012.<\/p>\n<p><a href=\"http:\/\/www.sudoestehoje.com.br\/novoportal\/wp-content\/uploads\/2015\/05\/caat-2.jpg\"><img loading=\"lazy\" decoding=\"async\" class=\"aligncenter size-medium wp-image-49284\" src=\"http:\/\/www.sudoestehoje.com.br\/novoportal\/wp-content\/uploads\/2015\/05\/caat-2-500x275.jpg\" alt=\"caat 2\" width=\"500\" height=\"275\" srcset=\"https:\/\/www.sudoestehoje.com.br\/novoportal\/wp-content\/uploads\/2015\/05\/caat-2-500x275.jpg 500w, https:\/\/www.sudoestehoje.com.br\/novoportal\/wp-content\/uploads\/2015\/05\/caat-2-150x83.jpg 150w, https:\/\/www.sudoestehoje.com.br\/novoportal\/wp-content\/uploads\/2015\/05\/caat-2.jpg 640w\" sizes=\"auto, (max-width: 500px) 100vw, 500px\" \/><\/a><\/p>\n<p>Apesar do oportunismo de alguns pol\u00edticos da regi\u00e3o, todo o m\u00e9rito pela instala\u00e7\u00e3o da B\u00e1rbara Kr\u00e1s em Caatiba \u00e9 do prefeito Junior Mendes, que sempre correu atr\u00e1s, no intuito de promover mais oportunidades para os cidad\u00e3os caatibenses, \u00a0n\u00e3o medindo esfor\u00e7os para que uma nova ind\u00fastria pudesse se instalar na cidade.<\/p>\n<p>Agora, que a realidade no munic\u00edpio est\u00e1 mudando, e Caatiba est\u00e1 abrindo as portas para a chegada da B\u00e1rbara Kr\u00e1s, \u00a0&#8216;paraquedistas&#8217; pol\u00edticos tentam capitalizar os &#8216;louros da vit\u00f3ria&#8217;, sem levantar uma palha sequer, para que isto se tornasse realidade.<\/p>\n<p>O prefeito Junior Mendes est\u00e1 de parab\u00e9ns pela sua luta incans\u00e1vel em prol dos interesse da popula\u00e7\u00e3o do seu munic\u00edpio. Ascom<\/p>\n<p><img decoding=\"async\" class=\"aligncenter\" src=\"http:\/\/www.sudoestehoje.com.br\/novoportal\/wp-content\/uploads\/2015\/02\/NOVO-BANNER-COOLEITE-500x250.jpg\" alt=\"NOVO BANNER COOLEITE\" \/><\/p>\n","protected":false},"excerpt":{"rendered":"<p>Neste \u00faltimo domingo (17), o prefeito J\u00fanior Mendes se reuniu com o dirigentes da Industria de Cal\u00e7ados B\u00e1rbara Kr\u00e1s, em Itamb\u00e9, para tratar dos \u00faltimos detalhes para a instala\u00e7\u00e3o da empresa cal\u00e7adista no munic\u00edpio de Caatiba, com previs\u00e3o de gerar mais de 300 empregos diretos na cidade. A busca por uma nova fonte de emprego [&hellip;]<\/p>\n","protected":false},"author":2,"featured_media":0,"comment_status":"open","ping_status":"open","sticky":false,"template":"","format":"standard","meta":{"footnotes":"","_links_to":"","_links_to_target":""},"categories":[1],"tags":[],"class_list":["post-49282","post","type-post","status-publish","format-standard","hentry","category-geral"],"views":2197,"_links":{"self":[{"href":"https:\/\/www.sudoestehoje.com.br\/novoportal\/wp-json\/wp\/v2\/posts\/49282","targetHints":{"allow":["GET"]}}],"collection":[{"href":"https:\/\/www.sudoestehoje.com.br\/novoportal\/wp-json\/wp\/v2\/posts"}],"about":[{"href":"https:\/\/www.sudoestehoje.com.br\/novoportal\/wp-json\/wp\/v2\/types\/post"}],"author":[{"embeddable":true,"href":"https:\/\/www.sudoestehoje.com.br\/novoportal\/wp-json\/wp\/v2\/users\/2"}],"replies":[{"embeddable":true,"href":"https:\/\/www.sudoestehoje.com.br\/novoportal\/wp-json\/wp\/v2\/comments?post=49282"}],"version-history":[{"count":5,"href":"https:\/\/www.sudoestehoje.com.br\/novoportal\/wp-json\/wp\/v2\/posts\/49282\/revisions"}],"predecessor-version":[{"id":49306,"href":"https:\/\/www.sudoestehoje.com.br\/novoportal\/wp-json\/wp\/v2\/posts\/49282\/revisions\/49306"}],"wp:attachment":[{"href":"https:\/\/www.sudoestehoje.com.br\/novoportal\/wp-json\/wp\/v2\/media?parent=49282"}],"wp:term":[{"taxonomy":"category","embeddable":true,"href":"https:\/\/www.sudoestehoje.com.br\/novoportal\/wp-json\/wp\/v2\/categories?post=49282"},{"taxonomy":"post_tag","embeddable":true,"href":"https:\/\/www.sudoestehoje.com.br\/novoportal\/wp-json\/wp\/v2\/tags?post=49282"}],"curies":[{"name":"wp","href":"https:\/\/api.w.org\/{rel}","templated":true}]}}