
{"id":49273,"date":"2015-05-18T18:19:20","date_gmt":"2015-05-18T21:19:20","guid":{"rendered":"http:\/\/www.sudoestehoje.com.br\/novoportal\/?p=49273"},"modified":"2015-05-19T22:42:53","modified_gmt":"2015-05-20T01:42:53","slug":"onibus-da-viacao-itapetinga-sao-autuados-pelo-inmetro-em-itororo","status":"publish","type":"post","link":"https:\/\/www.sudoestehoje.com.br\/novoportal\/2015\/05\/18\/onibus-da-viacao-itapetinga-sao-autuados-pelo-inmetro-em-itororo\/","title":{"rendered":"\u00d4NIBUS DA VIA\u00c7\u00c3O ITAPETINGA S\u00c3O AUTUADOS PELO INMETRO EM ITOROR\u00d3"},"content":{"rendered":"<div id=\"attachment_49274\" style=\"width: 410px\" class=\"wp-caption aligncenter\"><a href=\"http:\/\/www.sudoestehoje.com.br\/novoportal\/wp-content\/uploads\/2015\/05\/via-2.jpg\"><img loading=\"lazy\" decoding=\"async\" aria-describedby=\"caption-attachment-49274\" class=\" wp-image-49274\" src=\"http:\/\/www.sudoestehoje.com.br\/novoportal\/wp-content\/uploads\/2015\/05\/via-2-500x667.jpg\" alt=\"\u00f4nibus que s\u00f3 t\u00eam permiss\u00e3o para rodar at\u00e9 Bandeira do Col\u00f4nia, foram autuados e multados na sa\u00edda de Itoror\u00f3, pelo INMETRO. \" width=\"400\" height=\"534\" srcset=\"https:\/\/www.sudoestehoje.com.br\/novoportal\/wp-content\/uploads\/2015\/05\/via-2-500x667.jpg 500w, https:\/\/www.sudoestehoje.com.br\/novoportal\/wp-content\/uploads\/2015\/05\/via-2-675x900.jpg 675w, https:\/\/www.sudoestehoje.com.br\/novoportal\/wp-content\/uploads\/2015\/05\/via-2-113x150.jpg 113w, https:\/\/www.sudoestehoje.com.br\/novoportal\/wp-content\/uploads\/2015\/05\/via-2.jpg 720w\" sizes=\"auto, (max-width: 400px) 100vw, 400px\" \/><\/a><p id=\"caption-attachment-49274\" class=\"wp-caption-text\">\u00f4nibus que s\u00f3 t\u00eam permiss\u00e3o para rodar at\u00e9 Bandeira do Col\u00f4nia, foram autuados e multados na sa\u00edda de Itoror\u00f3, pelo INMETRO. Fotos leitor Sudoeste Hoje<\/p><\/div>\n<p>Na tarde desta segunda-feira, mais de 10 \u00f4nibus da Via\u00e7\u00e3o Itapetinga foram flagrados em situa\u00e7\u00e3o irregular por agentes do INMETRO &#8211; Instituto Nacional de Metrologia, Qualidade e Tecnologia, na sa\u00edda da cidade de Itoror\u00f3.<\/p>\n<p>Segundo informa\u00e7\u00f5es exclusivas obtidas pelo Sudoeste Hoje, os \u00f4nibus da Via\u00e7\u00e3o Itapetinga, que fazem a linha Itapetinga-Bandeira do Col\u00f4nia, foram multados pelo fato da empresa n\u00e3o ter realizado a vistoria anual dos<em> tac\u00f3grafos<\/em>, aparelhos obrigat\u00f3rios que medem e controlam a velocidade dos ve\u00edculos que transportam passageiros.<\/p>\n<p>TRASPORTE INTERMUNICIPAL CLANDESTINO<\/p>\n<p><a href=\"http:\/\/www.sudoestehoje.com.br\/novoportal\/wp-content\/uploads\/2015\/05\/via-1.jpg\"><img loading=\"lazy\" decoding=\"async\" class=\"aligncenter  wp-image-49275\" src=\"http:\/\/www.sudoestehoje.com.br\/novoportal\/wp-content\/uploads\/2015\/05\/via-1-500x667.jpg\" alt=\"via 1\" width=\"400\" height=\"534\" srcset=\"https:\/\/www.sudoestehoje.com.br\/novoportal\/wp-content\/uploads\/2015\/05\/via-1-500x667.jpg 500w, https:\/\/www.sudoestehoje.com.br\/novoportal\/wp-content\/uploads\/2015\/05\/via-1-675x900.jpg 675w, https:\/\/www.sudoestehoje.com.br\/novoportal\/wp-content\/uploads\/2015\/05\/via-1-113x150.jpg 113w, https:\/\/www.sudoestehoje.com.br\/novoportal\/wp-content\/uploads\/2015\/05\/via-1.jpg 720w\" sizes=\"auto, (max-width: 400px) 100vw, 400px\" \/><\/a><\/p>\n<p>O mais curioso \u00e9 que os ve\u00edculos da Via\u00e7\u00e3o Itapetinga foram autuados transportando passageiros em Itoror\u00f3, munic\u00edpio onde n\u00e3o possui permiss\u00e3o para atuar, vez que se trata de uma empresa concession\u00e1ria de trasporte coletivo urbano, nos limites do munic\u00edpio de Itapetinga.<\/p>\n<p>Nesse item, a Via\u00e7\u00e3o Itapetinga empata com os topiqueiros, que ela tanto persegue.<\/p>\n<p><strong><em>Por Davi Ferraz<\/em><\/strong><\/p>\n<p><img decoding=\"async\" class=\"aligncenter\" src=\"http:\/\/www.sudoestehoje.com.br\/novoportal\/wp-content\/uploads\/2014\/12\/Banner-Casabella-500x104.jpg\" alt=\"Banner Casabella\" \/><\/p>\n","protected":false},"excerpt":{"rendered":"<p>Na tarde desta segunda-feira, mais de 10 \u00f4nibus da Via\u00e7\u00e3o Itapetinga foram flagrados em situa\u00e7\u00e3o irregular por agentes do INMETRO &#8211; Instituto Nacional de Metrologia, Qualidade e Tecnologia, na sa\u00edda da cidade de Itoror\u00f3. Segundo informa\u00e7\u00f5es exclusivas obtidas pelo Sudoeste Hoje, os \u00f4nibus da Via\u00e7\u00e3o Itapetinga, que fazem a linha Itapetinga-Bandeira do Col\u00f4nia, foram multados [&hellip;]<\/p>\n","protected":false},"author":2,"featured_media":0,"comment_status":"open","ping_status":"open","sticky":false,"template":"","format":"standard","meta":{"footnotes":"","_links_to":"","_links_to_target":""},"categories":[1],"tags":[],"class_list":["post-49273","post","type-post","status-publish","format-standard","hentry","category-geral"],"views":1547,"_links":{"self":[{"href":"https:\/\/www.sudoestehoje.com.br\/novoportal\/wp-json\/wp\/v2\/posts\/49273","targetHints":{"allow":["GET"]}}],"collection":[{"href":"https:\/\/www.sudoestehoje.com.br\/novoportal\/wp-json\/wp\/v2\/posts"}],"about":[{"href":"https:\/\/www.sudoestehoje.com.br\/novoportal\/wp-json\/wp\/v2\/types\/post"}],"author":[{"embeddable":true,"href":"https:\/\/www.sudoestehoje.com.br\/novoportal\/wp-json\/wp\/v2\/users\/2"}],"replies":[{"embeddable":true,"href":"https:\/\/www.sudoestehoje.com.br\/novoportal\/wp-json\/wp\/v2\/comments?post=49273"}],"version-history":[{"count":7,"href":"https:\/\/www.sudoestehoje.com.br\/novoportal\/wp-json\/wp\/v2\/posts\/49273\/revisions"}],"predecessor-version":[{"id":49307,"href":"https:\/\/www.sudoestehoje.com.br\/novoportal\/wp-json\/wp\/v2\/posts\/49273\/revisions\/49307"}],"wp:attachment":[{"href":"https:\/\/www.sudoestehoje.com.br\/novoportal\/wp-json\/wp\/v2\/media?parent=49273"}],"wp:term":[{"taxonomy":"category","embeddable":true,"href":"https:\/\/www.sudoestehoje.com.br\/novoportal\/wp-json\/wp\/v2\/categories?post=49273"},{"taxonomy":"post_tag","embeddable":true,"href":"https:\/\/www.sudoestehoje.com.br\/novoportal\/wp-json\/wp\/v2\/tags?post=49273"}],"curies":[{"name":"wp","href":"https:\/\/api.w.org\/{rel}","templated":true}]}}