
{"id":49266,"date":"2015-05-18T10:28:08","date_gmt":"2015-05-18T13:28:08","guid":{"rendered":"http:\/\/www.sudoestehoje.com.br\/novoportal\/?p=49266"},"modified":"2015-05-19T22:44:08","modified_gmt":"2015-05-20T01:44:08","slug":"missa-de-setimo-dia-de-dr-arnaldo-teixeira-acontecera-nesta-segunda","status":"publish","type":"post","link":"https:\/\/www.sudoestehoje.com.br\/novoportal\/2015\/05\/18\/missa-de-setimo-dia-de-dr-arnaldo-teixeira-acontecera-nesta-segunda\/","title":{"rendered":"MISSA DE S\u00c9TIMO DIA DE DR. ARNALDO TEIXEIRA ACONTECER\u00c1 NESTA SEGUNDA"},"content":{"rendered":"<p><a href=\"http:\/\/www.sudoestehoje.com.br\/novoportal\/wp-content\/uploads\/2015\/05\/ARNALDO.png\"><img loading=\"lazy\" decoding=\"async\" class=\" size-full wp-image-49267 alignleft\" src=\"http:\/\/www.sudoestehoje.com.br\/novoportal\/wp-content\/uploads\/2015\/05\/ARNALDO.png\" alt=\"ARNALDO\" width=\"278\" height=\"299\" srcset=\"https:\/\/www.sudoestehoje.com.br\/novoportal\/wp-content\/uploads\/2015\/05\/ARNALDO.png 278w, https:\/\/www.sudoestehoje.com.br\/novoportal\/wp-content\/uploads\/2015\/05\/ARNALDO-139x150.png 139w\" sizes=\"auto, (max-width: 278px) 100vw, 278px\" \/><\/a><\/p>\n<p>Acontecer\u00e1, nesta segunda-feira (18), na Igreja Nossa Senhora das Gra\u00e7as, em Itapetinga, a Missa de S\u00e9timo Dia em mem\u00f3ria do m\u00e9dico Dr. Arnaldo Teixeira, falecido na \u00faltima ter\u00e7a-feira (12), de ataque card\u00edaco.<\/p>\n<p>A decis\u00e3o foi anunciada pelos familiares de Dr. Arnaldo, na \u00faltima sexta-feira, em agradecimento \u00e0 solidariedade recebida da popula\u00e7\u00e3o de Itapetinga e regi\u00e3o, pelo seu passamento prematuro do m\u00e9dico.<\/p>\n<p>A missa de s\u00e9timo dia ser\u00e1 celebrada \u00e0s 19h, pelo Padre Carmelito, da par\u00f3quia Nossa Senhora das Gra\u00e7as, localizada na Pra\u00e7a Guilherme Dias (Concha Ac\u00fastica).<\/p>\n<p><img decoding=\"async\" class=\"aligncenter\" src=\"http:\/\/www.sudoestehoje.com.br\/novoportal\/wp-content\/uploads\/2014\/12\/skala-novo.jpg\" alt=\"skala novo\" \/><\/p>\n","protected":false},"excerpt":{"rendered":"<p>Acontecer\u00e1, nesta segunda-feira (18), na Igreja Nossa Senhora das Gra\u00e7as, em Itapetinga, a Missa de S\u00e9timo Dia em mem\u00f3ria do m\u00e9dico Dr. Arnaldo Teixeira, falecido na \u00faltima ter\u00e7a-feira (12), de ataque card\u00edaco. A decis\u00e3o foi anunciada pelos familiares de Dr. Arnaldo, na \u00faltima sexta-feira, em agradecimento \u00e0 solidariedade recebida da popula\u00e7\u00e3o de Itapetinga e regi\u00e3o, [&hellip;]<\/p>\n","protected":false},"author":2,"featured_media":0,"comment_status":"open","ping_status":"open","sticky":false,"template":"","format":"standard","meta":{"footnotes":"","_links_to":"","_links_to_target":""},"categories":[1],"tags":[],"class_list":["post-49266","post","type-post","status-publish","format-standard","hentry","category-geral"],"views":2724,"_links":{"self":[{"href":"https:\/\/www.sudoestehoje.com.br\/novoportal\/wp-json\/wp\/v2\/posts\/49266","targetHints":{"allow":["GET"]}}],"collection":[{"href":"https:\/\/www.sudoestehoje.com.br\/novoportal\/wp-json\/wp\/v2\/posts"}],"about":[{"href":"https:\/\/www.sudoestehoje.com.br\/novoportal\/wp-json\/wp\/v2\/types\/post"}],"author":[{"embeddable":true,"href":"https:\/\/www.sudoestehoje.com.br\/novoportal\/wp-json\/wp\/v2\/users\/2"}],"replies":[{"embeddable":true,"href":"https:\/\/www.sudoestehoje.com.br\/novoportal\/wp-json\/wp\/v2\/comments?post=49266"}],"version-history":[{"count":4,"href":"https:\/\/www.sudoestehoje.com.br\/novoportal\/wp-json\/wp\/v2\/posts\/49266\/revisions"}],"predecessor-version":[{"id":49308,"href":"https:\/\/www.sudoestehoje.com.br\/novoportal\/wp-json\/wp\/v2\/posts\/49266\/revisions\/49308"}],"wp:attachment":[{"href":"https:\/\/www.sudoestehoje.com.br\/novoportal\/wp-json\/wp\/v2\/media?parent=49266"}],"wp:term":[{"taxonomy":"category","embeddable":true,"href":"https:\/\/www.sudoestehoje.com.br\/novoportal\/wp-json\/wp\/v2\/categories?post=49266"},{"taxonomy":"post_tag","embeddable":true,"href":"https:\/\/www.sudoestehoje.com.br\/novoportal\/wp-json\/wp\/v2\/tags?post=49266"}],"curies":[{"name":"wp","href":"https:\/\/api.w.org\/{rel}","templated":true}]}}