
{"id":49264,"date":"2015-05-18T10:04:45","date_gmt":"2015-05-18T13:04:45","guid":{"rendered":"http:\/\/www.sudoestehoje.com.br\/novoportal\/?p=49264"},"modified":"2015-05-19T22:45:32","modified_gmt":"2015-05-20T01:45:32","slug":"conquista-vereadora-e-acusada-de-agredir-medico-no-hospital-de-base","status":"publish","type":"post","link":"https:\/\/www.sudoestehoje.com.br\/novoportal\/2015\/05\/18\/conquista-vereadora-e-acusada-de-agredir-medico-no-hospital-de-base\/","title":{"rendered":"CONQUISTA: VEREADORA \u00c9 ACUSADA DE AGREDIR M\u00c9DICO NO HOSPITAL DE BASE"},"content":{"rendered":"<p><img loading=\"lazy\" decoding=\"async\" class=\"setborder aligncenter\" src=\"http:\/\/blitzconquista.com.br\/v3\/wp-content\/uploads\/2015\/05\/hgvc-680x365.jpg\" alt=\"Confus\u00e3o no Hospital de Base: L\u00facia Rocha \u00e9 acusada de agredir m\u00e9dico\" width=\"499\" height=\"268\" \/><\/p>\n<p><strong><em>Blitz Conquista<\/em><\/strong><\/p>\n<p>No final da tarde deste s\u00e1bado, 17, uma confus\u00e3o envolvendo a vereadora L\u00facia Rocha e o m\u00e9dico plantonista da urg\u00eancia do Hospital de Base chamou a aten\u00e7\u00e3o de pacientes e funcion\u00e1rios.<\/p>\n<p>Tudo teria come\u00e7ado quando a vereadora exigia que fosse disponibilizada uma maca e um respirador para um paciente, por\u00e9m a unidade de sa\u00fade estava lotada e n\u00e3o havia como a solicita\u00e7\u00e3o ser atendida.<\/p>\n<p>Ela teria iniciado uma discuss\u00e3o com o m\u00e9dico Austelino Ferreira e dado um leve empurr\u00e3o, relataram algumas testemunhas. A pol\u00edcia foi chamada, mas L\u00facia Rocha desapareceu entre os corredores.<\/p>\n<p>De acordo com funcion\u00e1rios do hospital, foi registrada uma ocorr\u00eancia contra a legisladora, que n\u00e3o foi encontrada.<\/p>\n<p><img decoding=\"async\" class=\"aligncenter\" src=\"http:\/\/www.sudoestehoje.com.br\/novoportal\/wp-content\/uploads\/2014\/09\/supermoda.png\" alt=\"supermoda\" \/><\/p>\n","protected":false},"excerpt":{"rendered":"<p>Blitz Conquista No final da tarde deste s\u00e1bado, 17, uma confus\u00e3o envolvendo a vereadora L\u00facia Rocha e o m\u00e9dico plantonista da urg\u00eancia do Hospital de Base chamou a aten\u00e7\u00e3o de pacientes e funcion\u00e1rios. Tudo teria come\u00e7ado quando a vereadora exigia que fosse disponibilizada uma maca e um respirador para um paciente, por\u00e9m a unidade de [&hellip;]<\/p>\n","protected":false},"author":2,"featured_media":0,"comment_status":"open","ping_status":"open","sticky":false,"template":"","format":"standard","meta":{"footnotes":"","_links_to":"","_links_to_target":""},"categories":[1],"tags":[],"class_list":["post-49264","post","type-post","status-publish","format-standard","hentry","category-geral"],"views":1201,"_links":{"self":[{"href":"https:\/\/www.sudoestehoje.com.br\/novoportal\/wp-json\/wp\/v2\/posts\/49264","targetHints":{"allow":["GET"]}}],"collection":[{"href":"https:\/\/www.sudoestehoje.com.br\/novoportal\/wp-json\/wp\/v2\/posts"}],"about":[{"href":"https:\/\/www.sudoestehoje.com.br\/novoportal\/wp-json\/wp\/v2\/types\/post"}],"author":[{"embeddable":true,"href":"https:\/\/www.sudoestehoje.com.br\/novoportal\/wp-json\/wp\/v2\/users\/2"}],"replies":[{"embeddable":true,"href":"https:\/\/www.sudoestehoje.com.br\/novoportal\/wp-json\/wp\/v2\/comments?post=49264"}],"version-history":[{"count":2,"href":"https:\/\/www.sudoestehoje.com.br\/novoportal\/wp-json\/wp\/v2\/posts\/49264\/revisions"}],"predecessor-version":[{"id":49309,"href":"https:\/\/www.sudoestehoje.com.br\/novoportal\/wp-json\/wp\/v2\/posts\/49264\/revisions\/49309"}],"wp:attachment":[{"href":"https:\/\/www.sudoestehoje.com.br\/novoportal\/wp-json\/wp\/v2\/media?parent=49264"}],"wp:term":[{"taxonomy":"category","embeddable":true,"href":"https:\/\/www.sudoestehoje.com.br\/novoportal\/wp-json\/wp\/v2\/categories?post=49264"},{"taxonomy":"post_tag","embeddable":true,"href":"https:\/\/www.sudoestehoje.com.br\/novoportal\/wp-json\/wp\/v2\/tags?post=49264"}],"curies":[{"name":"wp","href":"https:\/\/api.w.org\/{rel}","templated":true}]}}