
{"id":49259,"date":"2015-05-18T09:39:05","date_gmt":"2015-05-18T12:39:05","guid":{"rendered":"http:\/\/www.sudoestehoje.com.br\/novoportal\/?p=49259"},"modified":"2015-05-19T22:48:27","modified_gmt":"2015-05-20T01:48:27","slug":"juventude-pmdb-promove-curso-de-diccao-e-oratoria-neste-sabado","status":"publish","type":"post","link":"https:\/\/www.sudoestehoje.com.br\/novoportal\/2015\/05\/18\/juventude-pmdb-promove-curso-de-diccao-e-oratoria-neste-sabado\/","title":{"rendered":"JUVENTUDE PMDB PROMOVE CURSO DE DIC\u00c7\u00c3O E ORAT\u00d3RIA NESTE S\u00c1BADO"},"content":{"rendered":"<p><a href=\"http:\/\/www.sudoestehoje.com.br\/novoportal\/wp-content\/uploads\/2015\/05\/CURSO.jpg\"><img loading=\"lazy\" decoding=\"async\" class=\"aligncenter size-medium wp-image-49260\" src=\"http:\/\/www.sudoestehoje.com.br\/novoportal\/wp-content\/uploads\/2015\/05\/CURSO-500x498.jpg\" alt=\"CURSO\" width=\"500\" height=\"498\" srcset=\"https:\/\/www.sudoestehoje.com.br\/novoportal\/wp-content\/uploads\/2015\/05\/CURSO-500x498.jpg 500w, https:\/\/www.sudoestehoje.com.br\/novoportal\/wp-content\/uploads\/2015\/05\/CURSO-150x150.jpg 150w, https:\/\/www.sudoestehoje.com.br\/novoportal\/wp-content\/uploads\/2015\/05\/CURSO-700x697.jpg 700w, https:\/\/www.sudoestehoje.com.br\/novoportal\/wp-content\/uploads\/2015\/05\/CURSO.jpg 960w\" sizes=\"auto, (max-width: 500px) 100vw, 500px\" \/><\/a><\/p>\n<p>No pr\u00f3ximo s\u00e1bado (23), \u00e0s 08hs, na C\u00e2mara de Vereadores em Itapetinga, a Juventude PMDB promover\u00e1 um Curso de Dic\u00e7\u00e3o e Orat\u00f3ria, em parceria com a Funda\u00e7\u00e3o Ulisses Guimar\u00e3es, que visa formar e preparar novos quadros pol\u00edticos em Itapetinga e regi\u00e3o<span class=\"text_exposed_show\"><a class=\"_58cn\" href=\"https:\/\/www.facebook.com\/hashtag\/fundulysses?source=feed_text&amp;story_id=840069162751153\" data-ft=\"{&quot;tn&quot;:&quot;*N&quot;,&quot;type&quot;:104}\"><span class=\"_58cm\">\u202c<\/span><\/a>.<\/span><\/p>\n<div class=\"text_exposed_show\">\n<p>O curso Dic\u00e7\u00e3o e Orat\u00f3ria, comunica\u00e7\u00e3o de alto impacto, visa desenvolver compet\u00eancias necess\u00e1rias para que indiv\u00edduo fale em p\u00fablico e esteja preparado para as poss\u00edveis situa\u00e7\u00f5es em que um orador poder\u00e1 se deparar.<\/p>\n<p>Algumas pessoas falam muito e dizem pouco, outras falam pouco, mas dizem muito. Um orador corre o risco de se enrolar no pr\u00f3prio discurso e perder o rumo da fala.<\/p>\n<p>O curso apresenta t\u00e9cnicas para a elabora\u00e7\u00e3o de um bom discurso, que como uma boa refei\u00e7\u00e3o precisa ser balanceada para nutrir a fome de saberes com seus conte\u00fados. Deve compor intelig\u00eancia e leveza com alento.<\/p>\n<p>Inscri\u00e7\u00f5es no Hotel Goitacaz!!! Vagas limitadas!!!<\/p>\n<p><img decoding=\"async\" class=\"aligncenter\" src=\"http:\/\/www.sudoestehoje.com.br\/novoportal\/wp-content\/uploads\/2014\/07\/Feira-do-Lar-1.png\" alt=\"Feira-do-Lar (1)\" \/><\/p>\n<\/div>\n","protected":false},"excerpt":{"rendered":"<p>No pr\u00f3ximo s\u00e1bado (23), \u00e0s 08hs, na C\u00e2mara de Vereadores em Itapetinga, a Juventude PMDB promover\u00e1 um Curso de Dic\u00e7\u00e3o e Orat\u00f3ria, em parceria com a Funda\u00e7\u00e3o Ulisses Guimar\u00e3es, que visa formar e preparar novos quadros pol\u00edticos em Itapetinga e regi\u00e3o\u202c. O curso Dic\u00e7\u00e3o e Orat\u00f3ria, comunica\u00e7\u00e3o de alto impacto, visa desenvolver compet\u00eancias necess\u00e1rias para [&hellip;]<\/p>\n","protected":false},"author":2,"featured_media":0,"comment_status":"open","ping_status":"open","sticky":false,"template":"","format":"standard","meta":{"footnotes":"","_links_to":"","_links_to_target":""},"categories":[1],"tags":[],"class_list":["post-49259","post","type-post","status-publish","format-standard","hentry","category-geral"],"views":3573,"_links":{"self":[{"href":"https:\/\/www.sudoestehoje.com.br\/novoportal\/wp-json\/wp\/v2\/posts\/49259","targetHints":{"allow":["GET"]}}],"collection":[{"href":"https:\/\/www.sudoestehoje.com.br\/novoportal\/wp-json\/wp\/v2\/posts"}],"about":[{"href":"https:\/\/www.sudoestehoje.com.br\/novoportal\/wp-json\/wp\/v2\/types\/post"}],"author":[{"embeddable":true,"href":"https:\/\/www.sudoestehoje.com.br\/novoportal\/wp-json\/wp\/v2\/users\/2"}],"replies":[{"embeddable":true,"href":"https:\/\/www.sudoestehoje.com.br\/novoportal\/wp-json\/wp\/v2\/comments?post=49259"}],"version-history":[{"count":5,"href":"https:\/\/www.sudoestehoje.com.br\/novoportal\/wp-json\/wp\/v2\/posts\/49259\/revisions"}],"predecessor-version":[{"id":49311,"href":"https:\/\/www.sudoestehoje.com.br\/novoportal\/wp-json\/wp\/v2\/posts\/49259\/revisions\/49311"}],"wp:attachment":[{"href":"https:\/\/www.sudoestehoje.com.br\/novoportal\/wp-json\/wp\/v2\/media?parent=49259"}],"wp:term":[{"taxonomy":"category","embeddable":true,"href":"https:\/\/www.sudoestehoje.com.br\/novoportal\/wp-json\/wp\/v2\/categories?post=49259"},{"taxonomy":"post_tag","embeddable":true,"href":"https:\/\/www.sudoestehoje.com.br\/novoportal\/wp-json\/wp\/v2\/tags?post=49259"}],"curies":[{"name":"wp","href":"https:\/\/api.w.org\/{rel}","templated":true}]}}