
{"id":49253,"date":"2015-05-18T01:01:45","date_gmt":"2015-05-18T04:01:45","guid":{"rendered":"http:\/\/www.sudoestehoje.com.br\/novoportal\/?p=49253"},"modified":"2015-05-19T22:49:36","modified_gmt":"2015-05-20T01:49:36","slug":"forro-da-vaca-loca-e-cancelado","status":"publish","type":"post","link":"https:\/\/www.sudoestehoje.com.br\/novoportal\/2015\/05\/18\/forro-da-vaca-loca-e-cancelado\/","title":{"rendered":"FORR\u00d3 DA VACA L\u00d4CA \u00c9 CANCELADO"},"content":{"rendered":"<p><a href=\"http:\/\/www.sudoestehoje.com.br\/novoportal\/wp-content\/uploads\/2015\/05\/vaca-loca-2010.jpg\"><img loading=\"lazy\" decoding=\"async\" class=\"aligncenter size-medium wp-image-49255\" src=\"http:\/\/www.sudoestehoje.com.br\/novoportal\/wp-content\/uploads\/2015\/05\/vaca-loca-2010-500x375.jpg\" alt=\"vaca loca 2010\" width=\"500\" height=\"375\" srcset=\"https:\/\/www.sudoestehoje.com.br\/novoportal\/wp-content\/uploads\/2015\/05\/vaca-loca-2010-500x375.jpg 500w, https:\/\/www.sudoestehoje.com.br\/novoportal\/wp-content\/uploads\/2015\/05\/vaca-loca-2010-700x525.jpg 700w, https:\/\/www.sudoestehoje.com.br\/novoportal\/wp-content\/uploads\/2015\/05\/vaca-loca-2010-150x113.jpg 150w, https:\/\/www.sudoestehoje.com.br\/novoportal\/wp-content\/uploads\/2015\/05\/vaca-loca-2010.jpg 1600w\" sizes=\"auto, (max-width: 500px) 100vw, 500px\" \/><\/a><\/p>\n<p>Uma das festas juninas mais tradicionais da Bahia, o Forr\u00f3 da Vaca L\u00f4ca, acaba de ser cancelada pelos seus produtores, o que pegou de surpresa grande parte da popula\u00e7\u00e3o de Itapetinga e regi\u00e3o, que admira e participa dos festejos de S\u00e3o Jo\u00e3o.<\/p>\n<p>Dentre os motivos alegados pelos realizadores do Vaca L\u00f4ca, est\u00e3o: a incerteza da realiza\u00e7\u00e3o da festa de S\u00e3o Jo\u00e3o pela prefeitura municipal, a falta de atra\u00e7\u00f5es de peso no mercado e desinteresse do governo municipal em reconhecer e apoiar a tradicional festa. Confira a Nota de Esclarecimento divulgada pelos realizadores do Vaca L\u00f4ca.<\/p>\n<p><a href=\"http:\/\/www.sudoestehoje.com.br\/novoportal\/wp-content\/uploads\/2015\/05\/VACA.jpg\"><img loading=\"lazy\" decoding=\"async\" class=\"aligncenter size-medium wp-image-49254\" src=\"http:\/\/www.sudoestehoje.com.br\/novoportal\/wp-content\/uploads\/2015\/05\/VACA-500x540.jpg\" alt=\"VACA\" width=\"500\" height=\"540\" srcset=\"https:\/\/www.sudoestehoje.com.br\/novoportal\/wp-content\/uploads\/2015\/05\/VACA-500x540.jpg 500w, https:\/\/www.sudoestehoje.com.br\/novoportal\/wp-content\/uploads\/2015\/05\/VACA-700x756.jpg 700w, https:\/\/www.sudoestehoje.com.br\/novoportal\/wp-content\/uploads\/2015\/05\/VACA-139x150.jpg 139w, https:\/\/www.sudoestehoje.com.br\/novoportal\/wp-content\/uploads\/2015\/05\/VACA.jpg 889w\" sizes=\"auto, (max-width: 500px) 100vw, 500px\" \/><\/a><\/p>\n<p><strong><em>Por Davi Ferraz<\/em><\/strong><\/p>\n<p><img loading=\"lazy\" decoding=\"async\" class=\"aligncenter\" src=\"http:\/\/2.bp.blogspot.com\/-70-eOs__L20\/VPCyusPhXRI\/AAAAAAAACAQ\/KHorKekdACs\/s640\/tarug%C3%A3o1.jpg\" alt=\"\" width=\"501\" height=\"141\" \/><\/p>\n","protected":false},"excerpt":{"rendered":"<p>Uma das festas juninas mais tradicionais da Bahia, o Forr\u00f3 da Vaca L\u00f4ca, acaba de ser cancelada pelos seus produtores, o que pegou de surpresa grande parte da popula\u00e7\u00e3o de Itapetinga e regi\u00e3o, que admira e participa dos festejos de S\u00e3o Jo\u00e3o. Dentre os motivos alegados pelos realizadores do Vaca L\u00f4ca, est\u00e3o: a incerteza da [&hellip;]<\/p>\n","protected":false},"author":2,"featured_media":0,"comment_status":"open","ping_status":"open","sticky":false,"template":"","format":"standard","meta":{"footnotes":"","_links_to":"","_links_to_target":""},"categories":[1],"tags":[],"class_list":["post-49253","post","type-post","status-publish","format-standard","hentry","category-geral"],"views":3513,"_links":{"self":[{"href":"https:\/\/www.sudoestehoje.com.br\/novoportal\/wp-json\/wp\/v2\/posts\/49253","targetHints":{"allow":["GET"]}}],"collection":[{"href":"https:\/\/www.sudoestehoje.com.br\/novoportal\/wp-json\/wp\/v2\/posts"}],"about":[{"href":"https:\/\/www.sudoestehoje.com.br\/novoportal\/wp-json\/wp\/v2\/types\/post"}],"author":[{"embeddable":true,"href":"https:\/\/www.sudoestehoje.com.br\/novoportal\/wp-json\/wp\/v2\/users\/2"}],"replies":[{"embeddable":true,"href":"https:\/\/www.sudoestehoje.com.br\/novoportal\/wp-json\/wp\/v2\/comments?post=49253"}],"version-history":[{"count":4,"href":"https:\/\/www.sudoestehoje.com.br\/novoportal\/wp-json\/wp\/v2\/posts\/49253\/revisions"}],"predecessor-version":[{"id":49312,"href":"https:\/\/www.sudoestehoje.com.br\/novoportal\/wp-json\/wp\/v2\/posts\/49253\/revisions\/49312"}],"wp:attachment":[{"href":"https:\/\/www.sudoestehoje.com.br\/novoportal\/wp-json\/wp\/v2\/media?parent=49253"}],"wp:term":[{"taxonomy":"category","embeddable":true,"href":"https:\/\/www.sudoestehoje.com.br\/novoportal\/wp-json\/wp\/v2\/categories?post=49253"},{"taxonomy":"post_tag","embeddable":true,"href":"https:\/\/www.sudoestehoje.com.br\/novoportal\/wp-json\/wp\/v2\/tags?post=49253"}],"curies":[{"name":"wp","href":"https:\/\/api.w.org\/{rel}","templated":true}]}}