
{"id":49206,"date":"2015-05-16T09:53:50","date_gmt":"2015-05-16T12:53:50","guid":{"rendered":"http:\/\/www.sudoestehoje.com.br\/novoportal\/?p=49206"},"modified":"2015-05-16T12:08:26","modified_gmt":"2015-05-16T15:08:26","slug":"deputado-herzem-gusmao-visitara-exposicao-de-itapetinga-neste-sabado","status":"publish","type":"post","link":"https:\/\/www.sudoestehoje.com.br\/novoportal\/2015\/05\/16\/deputado-herzem-gusmao-visitara-exposicao-de-itapetinga-neste-sabado\/","title":{"rendered":"DEPUTADO HERZEM GUSM\u00c3O VISITA EXPOSI\u00c7\u00c3O DE ITAPETINGA NESTE S\u00c1BADO"},"content":{"rendered":"<p><a href=\"http:\/\/www.sudoestehoje.com.br\/novoportal\/wp-content\/uploads\/2015\/05\/h-m.jpg\"><img loading=\"lazy\" decoding=\"async\" class=\"aligncenter  wp-image-49209\" src=\"http:\/\/www.sudoestehoje.com.br\/novoportal\/wp-content\/uploads\/2015\/05\/h-m.jpg\" alt=\"h m\" width=\"500\" height=\"334\" srcset=\"https:\/\/www.sudoestehoje.com.br\/novoportal\/wp-content\/uploads\/2015\/05\/h-m.jpg 430w, https:\/\/www.sudoestehoje.com.br\/novoportal\/wp-content\/uploads\/2015\/05\/h-m-150x100.jpg 150w\" sizes=\"auto, (max-width: 500px) 100vw, 500px\" \/><\/a><\/p>\n<p>O atuante deputado estadual Herzem Gusm\u00e3o (PMDB) tem encontro marcado, neste s\u00e1bado, com as suas bases pol\u00edticas em Itapetinga e regi\u00e3o.<\/p>\n<p>Por volta das 19h, o deputado conquistense jantar\u00e1 com o l\u00edder Michel Hagge e outras lideran\u00e7as, saindo em seguida para o Parque Juvino Oliveira, onde est\u00e1 sendo realizada a 45\u00aa Exposi\u00e7\u00e3o Agropecu\u00e1ria de Itapetinga.<\/p>\n<p>Ao lado Michel e correligion\u00e1rios, Herzem dever\u00e1 visitar os stands do parque, barracas e pavilh\u00f5es de animais.\u00a0O deputado federal L\u00facio Vieira Lima tamb\u00e9m confirmou presen\u00e7a na 25\u00aa Exposi\u00e7\u00e3o.<\/p>\n<p><strong><em>Por Davi Ferraz<\/em><\/strong><\/p>\n<p><img decoding=\"async\" class=\"aligncenter\" src=\"http:\/\/www.sudoestehoje.com.br\/novoportal\/wp-content\/uploads\/2014\/12\/skala-novo.jpg\" alt=\"skala novo\" \/><\/p>\n","protected":false},"excerpt":{"rendered":"<p>O atuante deputado estadual Herzem Gusm\u00e3o (PMDB) tem encontro marcado, neste s\u00e1bado, com as suas bases pol\u00edticas em Itapetinga e regi\u00e3o. Por volta das 19h, o deputado conquistense jantar\u00e1 com o l\u00edder Michel Hagge e outras lideran\u00e7as, saindo em seguida para o Parque Juvino Oliveira, onde est\u00e1 sendo realizada a 45\u00aa Exposi\u00e7\u00e3o Agropecu\u00e1ria de Itapetinga. [&hellip;]<\/p>\n","protected":false},"author":2,"featured_media":0,"comment_status":"open","ping_status":"open","sticky":false,"template":"","format":"standard","meta":{"footnotes":"","_links_to":"","_links_to_target":""},"categories":[1],"tags":[],"class_list":["post-49206","post","type-post","status-publish","format-standard","hentry","category-geral"],"views":1200,"_links":{"self":[{"href":"https:\/\/www.sudoestehoje.com.br\/novoportal\/wp-json\/wp\/v2\/posts\/49206","targetHints":{"allow":["GET"]}}],"collection":[{"href":"https:\/\/www.sudoestehoje.com.br\/novoportal\/wp-json\/wp\/v2\/posts"}],"about":[{"href":"https:\/\/www.sudoestehoje.com.br\/novoportal\/wp-json\/wp\/v2\/types\/post"}],"author":[{"embeddable":true,"href":"https:\/\/www.sudoestehoje.com.br\/novoportal\/wp-json\/wp\/v2\/users\/2"}],"replies":[{"embeddable":true,"href":"https:\/\/www.sudoestehoje.com.br\/novoportal\/wp-json\/wp\/v2\/comments?post=49206"}],"version-history":[{"count":6,"href":"https:\/\/www.sudoestehoje.com.br\/novoportal\/wp-json\/wp\/v2\/posts\/49206\/revisions"}],"predecessor-version":[{"id":49226,"href":"https:\/\/www.sudoestehoje.com.br\/novoportal\/wp-json\/wp\/v2\/posts\/49206\/revisions\/49226"}],"wp:attachment":[{"href":"https:\/\/www.sudoestehoje.com.br\/novoportal\/wp-json\/wp\/v2\/media?parent=49206"}],"wp:term":[{"taxonomy":"category","embeddable":true,"href":"https:\/\/www.sudoestehoje.com.br\/novoportal\/wp-json\/wp\/v2\/categories?post=49206"},{"taxonomy":"post_tag","embeddable":true,"href":"https:\/\/www.sudoestehoje.com.br\/novoportal\/wp-json\/wp\/v2\/tags?post=49206"}],"curies":[{"name":"wp","href":"https:\/\/api.w.org\/{rel}","templated":true}]}}