
{"id":4920,"date":"2011-05-12T13:06:19","date_gmt":"2011-05-12T16:06:19","guid":{"rendered":"http:\/\/www.sudoestehoje.com.br\/novoportal\/?p=4920"},"modified":"2011-05-12T14:33:05","modified_gmt":"2011-05-12T17:33:05","slug":"cacete-na-saude","status":"publish","type":"post","link":"https:\/\/www.sudoestehoje.com.br\/novoportal\/2011\/05\/12\/cacete-na-saude\/","title":{"rendered":"BAIXANDO O CAC\u00caTE"},"content":{"rendered":"<p style=\"text-align: center;\"><a id=\"apf2\" href=\"http:\/\/www.google.com.br\/imgres?imgurl=http:\/\/newtonrocha.files.wordpress.com\/2009\/02\/pimp_ronald.jpg%3Fw%3D416%26h%3D416&amp;imgrefurl=http:\/\/newtonrocha.wordpress.com\/2009\/02\/12\/desceno-o-cacete-como-planejar-e-mestrar-um-rpg-de-acao-nitrodungeon-dicas-de-mestre\/&amp;usg=__96MQN-36jyo8M35HMylhaPJ08G0=&amp;h=416&amp;w=416&amp;sz=41&amp;hl=pt-BR&amp;start=3&amp;zoom=1&amp;itbs=1&amp;tbnid=iKmAk-Vikm9-NM:&amp;tbnh=125&amp;tbnw=125&amp;prev=\/search%3Fq%3Ddescendo%2BCACETE%26hl%3Dpt-BR%26sa%3DG%26gbv%3D2%26biw%3D1259%26bih%3D610%26tbm%3Disch&amp;ei=aRjMTbizHeTZiALxhfypBg\"><img loading=\"lazy\" decoding=\"async\" id=\"ipfiKmAk-Vikm9-NM:\" src=\"http:\/\/t0.gstatic.com\/images?q=tbn:ANd9GcRq5G_tpo9-LrAfHC9tMXpebXUUCaWK5bFvaJxfwpxTxQBAWhRwncxTig\" alt=\"\" width=\"125\" height=\"125\" \/><\/a><\/p>\n<p>Na sess\u00e3o desta quarta-feira, na c\u00e2mara de vereadores, o vereador Romildo Teixeira (PDT)\u00a0n\u00e3o poupou cr\u00edticas \u00e0 aecret\u00e1ria de sa\u00fade e gritou, de alto e bom som: &#8220;<strong><em>tem que meter o cac\u00eate mesmo&#8230;!&#8221;.<\/em><\/strong> Revoltado com o baixo n\u00edvel do discurso do colega, o vereador Jos\u00e9 Roberto (PSDB), que\u00a0\u00e9 m\u00e9dico, regulou o vereador Romildo por estar usando &#8220;<em>palavras de baixo cal\u00e3o<\/em>&#8220;, na respeit\u00e1vel sess\u00e3o do legislativo. Contam as m\u00e1s e boas l\u00ednguas que Romildo procurou a colega depois da sess\u00e3o e desabafou: &#8220;<em>T\u00f4 te estranhando,\u00a0Z\u00e9,\u00a0 achei que voc\u00ea j\u00e1 tava acostumado com\u00a0 esse &#8220;linguajar&#8230;&#8221; . <\/em>O suposto di\u00e1logo condiz com a\u00a0situa\u00e7\u00e3o em que se encontra a atual administra\u00e7\u00e3o municipal, uma vesdadeira zona, onde os opositores metem o pau por tr\u00e1s e os correligion\u00e1rios metem o pau pela frente, metaforicamente, \u00e9 claro.<\/p>\n<p><em>\u00a0<\/em><\/p>\n","protected":false},"excerpt":{"rendered":"<p>Na sess\u00e3o desta quarta-feira, na c\u00e2mara de vereadores, o vereador Romildo Teixeira (PDT)\u00a0n\u00e3o poupou cr\u00edticas \u00e0 aecret\u00e1ria de sa\u00fade e gritou, de alto e bom som: &#8220;tem que meter o cac\u00eate mesmo&#8230;!&#8221;. Revoltado com o baixo n\u00edvel do discurso do colega, o vereador Jos\u00e9 Roberto (PSDB), que\u00a0\u00e9 m\u00e9dico, regulou o vereador Romildo por estar usando [&hellip;]<\/p>\n","protected":false},"author":2,"featured_media":0,"comment_status":"open","ping_status":"open","sticky":false,"template":"","format":"standard","meta":{"footnotes":"","_links_to":"","_links_to_target":""},"categories":[11],"tags":[],"class_list":["post-4920","post","type-post","status-publish","format-standard","hentry","category-quentinhas"],"views":1175,"_links":{"self":[{"href":"https:\/\/www.sudoestehoje.com.br\/novoportal\/wp-json\/wp\/v2\/posts\/4920","targetHints":{"allow":["GET"]}}],"collection":[{"href":"https:\/\/www.sudoestehoje.com.br\/novoportal\/wp-json\/wp\/v2\/posts"}],"about":[{"href":"https:\/\/www.sudoestehoje.com.br\/novoportal\/wp-json\/wp\/v2\/types\/post"}],"author":[{"embeddable":true,"href":"https:\/\/www.sudoestehoje.com.br\/novoportal\/wp-json\/wp\/v2\/users\/2"}],"replies":[{"embeddable":true,"href":"https:\/\/www.sudoestehoje.com.br\/novoportal\/wp-json\/wp\/v2\/comments?post=4920"}],"version-history":[{"count":4,"href":"https:\/\/www.sudoestehoje.com.br\/novoportal\/wp-json\/wp\/v2\/posts\/4920\/revisions"}],"predecessor-version":[{"id":4922,"href":"https:\/\/www.sudoestehoje.com.br\/novoportal\/wp-json\/wp\/v2\/posts\/4920\/revisions\/4922"}],"wp:attachment":[{"href":"https:\/\/www.sudoestehoje.com.br\/novoportal\/wp-json\/wp\/v2\/media?parent=4920"}],"wp:term":[{"taxonomy":"category","embeddable":true,"href":"https:\/\/www.sudoestehoje.com.br\/novoportal\/wp-json\/wp\/v2\/categories?post=4920"},{"taxonomy":"post_tag","embeddable":true,"href":"https:\/\/www.sudoestehoje.com.br\/novoportal\/wp-json\/wp\/v2\/tags?post=4920"}],"curies":[{"name":"wp","href":"https:\/\/api.w.org\/{rel}","templated":true}]}}