
{"id":492,"date":"2010-09-20T20:51:05","date_gmt":"2010-09-20T23:51:05","guid":{"rendered":"http:\/\/sudoestehoje.tempsite.ws\/novoportal\/?p=492"},"modified":"2010-09-21T14:52:54","modified_gmt":"2010-09-21T17:52:54","slug":"wagner-e-geddel-quase-emendam-os-bigodes-nos-corredores-do-debate-da-tv-aratu","status":"publish","type":"post","link":"https:\/\/www.sudoestehoje.com.br\/novoportal\/2010\/09\/20\/wagner-e-geddel-quase-emendam-os-bigodes-nos-corredores-do-debate-da-tv-aratu\/","title":{"rendered":"WAGNER E GEDDEL QUASE &#8216;EMENDAM OS BIGODES&#8217; NOS CORREDORES DO DEBATE DA TV ARATU"},"content":{"rendered":"<div>\n<div>\n<div id=\"attachment_92750\"><a href=\"http:\/\/www.politicalivre.com.br\/wp-content\/uploads\/2010\/09\/Geddelewagner.jpg\"><\/p>\n<div style=\"text-align: center;\"><img loading=\"lazy\" decoding=\"async\" title=\"Geddelewagner\" src=\"http:\/\/www.politicalivre.com.br\/wp-content\/uploads\/2010\/09\/Geddelewagner-300x240.jpg\" border=\"0\" alt=\"\" width=\"430\" height=\"344\" \/><\/div>\n<p><\/a><a href=\"http:\/\/www.politicalivre.com.br\/wp-content\/uploads\/2010\/09\/Geddelewagner.jpg\"><\/a><\/p>\n<p style=\"text-align: center;\">Geddel e Wagner: Conversa amena?<\/p>\n<\/div>\n<\/div>\n<p>Para  aqueles que duvidaram de que o encontro entre o governador Jaques  Wagner (PT) e o candidato do PMDB ao governo, Geddel Vieira Lima, ontem,  na TV Aratu,\u00a0tenha sido r\u00edspido,\u00a0vejam as fotos acima, clicadas por um  experiente fot\u00f3grafo baiano presente \u00e0 cena. Como s\u00e3o cinco,\u00a0devem  valer\u00a0por cinco mil palavras. Com elas, fica dif\u00edcil dizer que os dois  tenham falado de amenidades ap\u00f3s o confronto na emissora. Pelas fotos,  d\u00e1 para notar que os antigos &#8216;correligion\u00e1rios&#8217; quase &#8217;emendam os  bigodes&#8217;. Com informa\u00e7\u00f5es do Pol\u00edtica Livre<\/p>\n<p><strong>P.S. Clicando sobre a montagem \u00e9 poss\u00edvel ver as fotos em tamanho maior.<\/strong><\/p>\n<\/div>\n","protected":false},"excerpt":{"rendered":"<p>Geddel e Wagner: Conversa amena? Para aqueles que duvidaram de que o encontro entre o governador Jaques Wagner (PT) e o candidato do PMDB ao governo, Geddel Vieira Lima, ontem, na TV Aratu,\u00a0tenha sido r\u00edspido,\u00a0vejam as fotos acima, clicadas por um experiente fot\u00f3grafo baiano presente \u00e0 cena. Como s\u00e3o cinco,\u00a0devem valer\u00a0por cinco mil palavras. Com [&hellip;]<\/p>\n","protected":false},"author":1,"featured_media":0,"comment_status":"open","ping_status":"open","sticky":false,"template":"","format":"standard","meta":{"footnotes":"","_links_to":"","_links_to_target":""},"categories":[14,4],"tags":[],"class_list":["post-492","post","type-post","status-publish","format-standard","hentry","category-bahia","category-politica"],"views":1598,"_links":{"self":[{"href":"https:\/\/www.sudoestehoje.com.br\/novoportal\/wp-json\/wp\/v2\/posts\/492","targetHints":{"allow":["GET"]}}],"collection":[{"href":"https:\/\/www.sudoestehoje.com.br\/novoportal\/wp-json\/wp\/v2\/posts"}],"about":[{"href":"https:\/\/www.sudoestehoje.com.br\/novoportal\/wp-json\/wp\/v2\/types\/post"}],"author":[{"embeddable":true,"href":"https:\/\/www.sudoestehoje.com.br\/novoportal\/wp-json\/wp\/v2\/users\/1"}],"replies":[{"embeddable":true,"href":"https:\/\/www.sudoestehoje.com.br\/novoportal\/wp-json\/wp\/v2\/comments?post=492"}],"version-history":[{"count":2,"href":"https:\/\/www.sudoestehoje.com.br\/novoportal\/wp-json\/wp\/v2\/posts\/492\/revisions"}],"predecessor-version":[{"id":494,"href":"https:\/\/www.sudoestehoje.com.br\/novoportal\/wp-json\/wp\/v2\/posts\/492\/revisions\/494"}],"wp:attachment":[{"href":"https:\/\/www.sudoestehoje.com.br\/novoportal\/wp-json\/wp\/v2\/media?parent=492"}],"wp:term":[{"taxonomy":"category","embeddable":true,"href":"https:\/\/www.sudoestehoje.com.br\/novoportal\/wp-json\/wp\/v2\/categories?post=492"},{"taxonomy":"post_tag","embeddable":true,"href":"https:\/\/www.sudoestehoje.com.br\/novoportal\/wp-json\/wp\/v2\/tags?post=492"}],"curies":[{"name":"wp","href":"https:\/\/api.w.org\/{rel}","templated":true}]}}