
{"id":49185,"date":"2015-05-15T09:03:02","date_gmt":"2015-05-15T12:03:02","guid":{"rendered":"http:\/\/www.sudoestehoje.com.br\/novoportal\/?p=49185"},"modified":"2015-05-15T10:46:48","modified_gmt":"2015-05-15T13:46:48","slug":"quadro-de-saude-de-ze-carlos-se-agrava-e-ele-volta-para-a-uti","status":"publish","type":"post","link":"https:\/\/www.sudoestehoje.com.br\/novoportal\/2015\/05\/15\/quadro-de-saude-de-ze-carlos-se-agrava-e-ele-volta-para-a-uti\/","title":{"rendered":"QUADRO DE SA\u00daDE DE Z\u00c9 CARLOS SE AGRAVA E ELE VOLTA PARA A UTI"},"content":{"rendered":"<p><a href=\"http:\/\/www.sudoestehoje.com.br\/novoportal\/wp-content\/uploads\/2015\/05\/ze-carlos.jpg\"><img loading=\"lazy\" decoding=\"async\" class=\"aligncenter size-medium wp-image-49186\" src=\"http:\/\/www.sudoestehoje.com.br\/novoportal\/wp-content\/uploads\/2015\/05\/ze-carlos-500x331.jpg\" alt=\"ze carlos\" width=\"500\" height=\"331\" srcset=\"https:\/\/www.sudoestehoje.com.br\/novoportal\/wp-content\/uploads\/2015\/05\/ze-carlos-500x331.jpg 500w, https:\/\/www.sudoestehoje.com.br\/novoportal\/wp-content\/uploads\/2015\/05\/ze-carlos-150x99.jpg 150w, https:\/\/www.sudoestehoje.com.br\/novoportal\/wp-content\/uploads\/2015\/05\/ze-carlos.jpg 550w\" sizes=\"auto, (max-width: 500px) 100vw, 500px\" \/><\/a><\/p>\n<p>Internado no Hospital Alian\u00e7a desde o dia 19 de mar\u00e7o, o prefeito de Itapetinga, Jos\u00e9 Carlos Moura, tem passado por duro tratamento, em busca da sua recupera\u00e7\u00e3o, mas seu quadro de sa\u00fade continua incerto.<\/p>\n<p>De acordo com o \u00faltimo boletim m\u00e9dico divulgado pelo hospital, o prefeito se encontrava em um quarto do hospital, tomando antibi\u00f3ticos e fazendo fisioterapia, como previs\u00e3o de alta para &#8220;os pr\u00f3ximos dias&#8221;.<\/p>\n<p>Entretanto, informa\u00e7\u00f5es de pessoas ligadas \u00e0 administra\u00e7\u00e3o d\u00e3o conta de que o estado de sa\u00fade de Z\u00e9 Carlos teria se \u00a0agravado nos \u00faltimos dias, com nova interna\u00e7\u00e3o na UTI.<\/p>\n<p>Como j\u00e1 hav\u00edamos informado, Z\u00e9 Carlos apresenta problemas nos movimentos das pernas e n\u00e3o consegue falar, o que \u00e9 refor\u00e7ado com a aus\u00eancia de qualquer mensagem gravada com a sua pr\u00f3pria voz, o que seria comum, caso ele j\u00e1 estivesse em plena recupera\u00e7\u00e3o.<\/p>\n<p>O Sudoeste Hoje est\u00e1 \u00e0 disposi\u00e7\u00e3o da fam\u00edlia e correligion\u00e1rios do prefeito, para divulgar novo boletim m\u00e9dico, informando o real estado de sa\u00fade do prefeito, que vem sendo meticulosamente escondido da popula\u00e7\u00e3o de Itapetinga, desde que ele foi hospitalizado.<\/p>\n<p><strong><em>Por Davi Ferraz\u00a0<\/em><\/strong><\/p>\n<p><img decoding=\"async\" class=\"aligncenter\" src=\"http:\/\/www.sudoestehoje.com.br\/novoportal\/wp-content\/uploads\/2015\/02\/NOVO-BANNER-COOLEITE-500x250.jpg\" alt=\"NOVO BANNER COOLEITE\" \/><\/p>\n","protected":false},"excerpt":{"rendered":"<p>Internado no Hospital Alian\u00e7a desde o dia 19 de mar\u00e7o, o prefeito de Itapetinga, Jos\u00e9 Carlos Moura, tem passado por duro tratamento, em busca da sua recupera\u00e7\u00e3o, mas seu quadro de sa\u00fade continua incerto. De acordo com o \u00faltimo boletim m\u00e9dico divulgado pelo hospital, o prefeito se encontrava em um quarto do hospital, tomando antibi\u00f3ticos [&hellip;]<\/p>\n","protected":false},"author":2,"featured_media":0,"comment_status":"open","ping_status":"open","sticky":false,"template":"","format":"standard","meta":{"footnotes":"","_links_to":"","_links_to_target":""},"categories":[1],"tags":[],"class_list":["post-49185","post","type-post","status-publish","format-standard","hentry","category-geral"],"views":1462,"_links":{"self":[{"href":"https:\/\/www.sudoestehoje.com.br\/novoportal\/wp-json\/wp\/v2\/posts\/49185","targetHints":{"allow":["GET"]}}],"collection":[{"href":"https:\/\/www.sudoestehoje.com.br\/novoportal\/wp-json\/wp\/v2\/posts"}],"about":[{"href":"https:\/\/www.sudoestehoje.com.br\/novoportal\/wp-json\/wp\/v2\/types\/post"}],"author":[{"embeddable":true,"href":"https:\/\/www.sudoestehoje.com.br\/novoportal\/wp-json\/wp\/v2\/users\/2"}],"replies":[{"embeddable":true,"href":"https:\/\/www.sudoestehoje.com.br\/novoportal\/wp-json\/wp\/v2\/comments?post=49185"}],"version-history":[{"count":4,"href":"https:\/\/www.sudoestehoje.com.br\/novoportal\/wp-json\/wp\/v2\/posts\/49185\/revisions"}],"predecessor-version":[{"id":49198,"href":"https:\/\/www.sudoestehoje.com.br\/novoportal\/wp-json\/wp\/v2\/posts\/49185\/revisions\/49198"}],"wp:attachment":[{"href":"https:\/\/www.sudoestehoje.com.br\/novoportal\/wp-json\/wp\/v2\/media?parent=49185"}],"wp:term":[{"taxonomy":"category","embeddable":true,"href":"https:\/\/www.sudoestehoje.com.br\/novoportal\/wp-json\/wp\/v2\/categories?post=49185"},{"taxonomy":"post_tag","embeddable":true,"href":"https:\/\/www.sudoestehoje.com.br\/novoportal\/wp-json\/wp\/v2\/tags?post=49185"}],"curies":[{"name":"wp","href":"https:\/\/api.w.org\/{rel}","templated":true}]}}