
{"id":49157,"date":"2015-05-14T16:10:05","date_gmt":"2015-05-14T19:10:05","guid":{"rendered":"http:\/\/www.sudoestehoje.com.br\/novoportal\/?p=49157"},"modified":"2015-05-14T16:38:59","modified_gmt":"2015-05-14T19:38:59","slug":"mec-marca-provas-do-enem-para-24-e-25-de-outubro-inscricao-custara-r6300","status":"publish","type":"post","link":"https:\/\/www.sudoestehoje.com.br\/novoportal\/2015\/05\/14\/mec-marca-provas-do-enem-para-24-e-25-de-outubro-inscricao-custara-r6300\/","title":{"rendered":"MEC MARCA PROVAS DO ENEM PARA 24 E 25 DE OUTUBRO. INSCRI\u00c7\u00c3O CUSTAR\u00c1 R$63,00"},"content":{"rendered":"<p><a href=\"http:\/\/www.sudoestehoje.com.br\/novoportal\/wp-content\/uploads\/2015\/05\/ENEM-2015.jpg\"><img loading=\"lazy\" decoding=\"async\" class=\"aligncenter size-medium wp-image-49160\" src=\"http:\/\/www.sudoestehoje.com.br\/novoportal\/wp-content\/uploads\/2015\/05\/ENEM-2015-500x246.jpg\" alt=\"ENEM 2015\" width=\"500\" height=\"246\" srcset=\"https:\/\/www.sudoestehoje.com.br\/novoportal\/wp-content\/uploads\/2015\/05\/ENEM-2015-500x246.jpg 500w, https:\/\/www.sudoestehoje.com.br\/novoportal\/wp-content\/uploads\/2015\/05\/ENEM-2015-700x344.jpg 700w, https:\/\/www.sudoestehoje.com.br\/novoportal\/wp-content\/uploads\/2015\/05\/ENEM-2015-150x74.jpg 150w, https:\/\/www.sudoestehoje.com.br\/novoportal\/wp-content\/uploads\/2015\/05\/ENEM-2015.jpg 712w\" sizes=\"auto, (max-width: 500px) 100vw, 500px\" \/><\/a><\/p>\n<p>O Minist\u00e9rio da Educa\u00e7\u00e3o (MEC) confirmou as datas das provas do Exame Nacional do Ensino M\u00e9dio (Enem) deste ano. Os testes ser\u00e3o aplicados nos dias 24 e 25 de outubro e a taxa de inscri\u00e7\u00e3o custar\u00e1 R$ 63,00. O an\u00fancio foi feito pelo ministro da educa\u00e7\u00e3o Ministro Renato Janine na tarde desta quinta-feira.<\/p>\n<p>O edital do Enem 2015 ser\u00e1 publicado na pr\u00f3xima segunda-feira. As inscri\u00e7\u00f5es ser\u00e3o feitas pela internet, no <a href=\"http:\/\/www.inep.gov.br\/\" target=\"_blank\"><b>site<\/b><\/a> do Instituto Nacional de Estudos e Pesquisas Educacionais An\u00edsio Teixeira (Inep), entre as 10h do dia 25 de maio e 23h59min do dia 5 de junho, hor\u00e1rios de Bras\u00edlia O MEC informou ainda que os candidatos isentos da taxa de inscri\u00e7\u00e3o que n\u00e3o realizarem a prova perder\u00e3o o direito \u00e0 isen\u00e7\u00e3o no pr\u00f3ximo ano.<\/p>\n<p><img decoding=\"async\" class=\"aligncenter\" src=\"http:\/\/www.sudoestehoje.com.br\/novoportal\/wp-content\/uploads\/2015\/05\/rezende-500x163-500x163.jpg\" alt=\"rezende-500x163\" \/><\/p>\n","protected":false},"excerpt":{"rendered":"<p>O Minist\u00e9rio da Educa\u00e7\u00e3o (MEC) confirmou as datas das provas do Exame Nacional do Ensino M\u00e9dio (Enem) deste ano. Os testes ser\u00e3o aplicados nos dias 24 e 25 de outubro e a taxa de inscri\u00e7\u00e3o custar\u00e1 R$ 63,00. O an\u00fancio foi feito pelo ministro da educa\u00e7\u00e3o Ministro Renato Janine na tarde desta quinta-feira. O edital [&hellip;]<\/p>\n","protected":false},"author":2,"featured_media":0,"comment_status":"open","ping_status":"open","sticky":false,"template":"","format":"standard","meta":{"footnotes":"","_links_to":"","_links_to_target":""},"categories":[1],"tags":[],"class_list":["post-49157","post","type-post","status-publish","format-standard","hentry","category-geral"],"views":1319,"_links":{"self":[{"href":"https:\/\/www.sudoestehoje.com.br\/novoportal\/wp-json\/wp\/v2\/posts\/49157","targetHints":{"allow":["GET"]}}],"collection":[{"href":"https:\/\/www.sudoestehoje.com.br\/novoportal\/wp-json\/wp\/v2\/posts"}],"about":[{"href":"https:\/\/www.sudoestehoje.com.br\/novoportal\/wp-json\/wp\/v2\/types\/post"}],"author":[{"embeddable":true,"href":"https:\/\/www.sudoestehoje.com.br\/novoportal\/wp-json\/wp\/v2\/users\/2"}],"replies":[{"embeddable":true,"href":"https:\/\/www.sudoestehoje.com.br\/novoportal\/wp-json\/wp\/v2\/comments?post=49157"}],"version-history":[{"count":5,"href":"https:\/\/www.sudoestehoje.com.br\/novoportal\/wp-json\/wp\/v2\/posts\/49157\/revisions"}],"predecessor-version":[{"id":49164,"href":"https:\/\/www.sudoestehoje.com.br\/novoportal\/wp-json\/wp\/v2\/posts\/49157\/revisions\/49164"}],"wp:attachment":[{"href":"https:\/\/www.sudoestehoje.com.br\/novoportal\/wp-json\/wp\/v2\/media?parent=49157"}],"wp:term":[{"taxonomy":"category","embeddable":true,"href":"https:\/\/www.sudoestehoje.com.br\/novoportal\/wp-json\/wp\/v2\/categories?post=49157"},{"taxonomy":"post_tag","embeddable":true,"href":"https:\/\/www.sudoestehoje.com.br\/novoportal\/wp-json\/wp\/v2\/tags?post=49157"}],"curies":[{"name":"wp","href":"https:\/\/api.w.org\/{rel}","templated":true}]}}