
{"id":49152,"date":"2015-05-13T14:19:37","date_gmt":"2015-05-13T17:19:37","guid":{"rendered":"http:\/\/www.sudoestehoje.com.br\/novoportal\/?p=49152"},"modified":"2015-05-14T16:42:28","modified_gmt":"2015-05-14T19:42:28","slug":"comeca-greve-dos-professores-da-uesb","status":"publish","type":"post","link":"https:\/\/www.sudoestehoje.com.br\/novoportal\/2015\/05\/13\/comeca-greve-dos-professores-da-uesb\/","title":{"rendered":"COME\u00c7A GREVE DOS PROFESSORES DA UESB"},"content":{"rendered":"<div id=\"attachment_49155\" style=\"width: 510px\" class=\"wp-caption aligncenter\"><a href=\"http:\/\/www.sudoestehoje.com.br\/novoportal\/wp-content\/uploads\/2015\/05\/uesb-greve.jpg\"><img loading=\"lazy\" decoding=\"async\" aria-describedby=\"caption-attachment-49155\" class=\"size-medium wp-image-49155\" src=\"http:\/\/www.sudoestehoje.com.br\/novoportal\/wp-content\/uploads\/2015\/05\/uesb-greve-500x300.jpg\" alt=\"Em greve por tempo indeterminado, professores da Uesb protestaram em frente ao campus de Itapetinga.\" width=\"500\" height=\"300\" srcset=\"https:\/\/www.sudoestehoje.com.br\/novoportal\/wp-content\/uploads\/2015\/05\/uesb-greve-500x300.jpg 500w, https:\/\/www.sudoestehoje.com.br\/novoportal\/wp-content\/uploads\/2015\/05\/uesb-greve-700x420.jpg 700w, https:\/\/www.sudoestehoje.com.br\/novoportal\/wp-content\/uploads\/2015\/05\/uesb-greve-150x90.jpg 150w, https:\/\/www.sudoestehoje.com.br\/novoportal\/wp-content\/uploads\/2015\/05\/uesb-greve.jpg 960w\" sizes=\"auto, (max-width: 500px) 100vw, 500px\" \/><\/a><p id=\"caption-attachment-49155\" class=\"wp-caption-text\">Em greve por tempo indeterminado, professores da Uesb protestaram em frente ao campus de Itapetinga. Foto Sudoeste Hoje<\/p><\/div>\n<p>Os professores da UESB trancaram os port\u00f5es dos tr\u00eas campi da institui\u00e7\u00e3o, nesta quarta-feira (13), como forma de marcar o in\u00edcio da greve. A partir de hoje, os docentes suspender\u00e3o suas atividades por tempo indeterminado. A categoria reivindica direitos trabalhistas e aumento no or\u00e7amento das Universidades Estaduais.<\/p>\n<p>Segundo a Associa\u00e7\u00e3o dos Docentes da Uesb (Adusb), \u201co or\u00e7amento destinado pelo Estado n\u00e3o \u00e9 suficiente para garantir o funcionamento das Universidades. Faltam professores, materiais para laborat\u00f3rios, salas de aula, combust\u00edvel, tinta para impress\u00e3o, recursos para projetos de pesquisa e extens\u00e3o. Para que as Universidades continuem a realizar suas atividades \u00e9 preciso que o governo amplie o or\u00e7amento das Institui\u00e7\u00f5es de 5% para 7% da receita l\u00edquida de impostos\u201d.<\/p>\n<p>Com a deflagra\u00e7\u00e3o da greve no dia 7 de maio, a reuni\u00e3o entre representantes governamentais e o Movimento foi adiantada para essa segunda (11). Contudo, a Adusb aponta que nada de novo foi apresentado. \u201cO governo se recusa a ampliar o n\u00famero de professores, realizar o pagamento dos direitos trabalhistas e destinar mais recursos necess\u00e1rios para o or\u00e7amento das Universidades\u201d, afirma a Associa\u00e7\u00e3o dos Docentes.<\/p>\n<p>No dia 19 de maio, os professores da UESB, UESC, UNEB e UEFS far\u00e3o um ato p\u00fablico em Salvador para cobrar uma proposta concreta do governo para os problemas das Institui\u00e7\u00f5es.<\/p>\n<p><img decoding=\"async\" class=\"aligncenter\" src=\"http:\/\/www.sudoestehoje.com.br\/novoportal\/wp-content\/uploads\/2014\/07\/Feira-do-Lar-1.png\" alt=\"Feira-do-Lar (1)\" \/><\/p>\n","protected":false},"excerpt":{"rendered":"<p>Os professores da UESB trancaram os port\u00f5es dos tr\u00eas campi da institui\u00e7\u00e3o, nesta quarta-feira (13), como forma de marcar o in\u00edcio da greve. A partir de hoje, os docentes suspender\u00e3o suas atividades por tempo indeterminado. A categoria reivindica direitos trabalhistas e aumento no or\u00e7amento das Universidades Estaduais. Segundo a Associa\u00e7\u00e3o dos Docentes da Uesb (Adusb), [&hellip;]<\/p>\n","protected":false},"author":2,"featured_media":0,"comment_status":"open","ping_status":"open","sticky":false,"template":"","format":"standard","meta":{"footnotes":"","_links_to":"","_links_to_target":""},"categories":[1],"tags":[],"class_list":["post-49152","post","type-post","status-publish","format-standard","hentry","category-geral"],"views":2607,"_links":{"self":[{"href":"https:\/\/www.sudoestehoje.com.br\/novoportal\/wp-json\/wp\/v2\/posts\/49152","targetHints":{"allow":["GET"]}}],"collection":[{"href":"https:\/\/www.sudoestehoje.com.br\/novoportal\/wp-json\/wp\/v2\/posts"}],"about":[{"href":"https:\/\/www.sudoestehoje.com.br\/novoportal\/wp-json\/wp\/v2\/types\/post"}],"author":[{"embeddable":true,"href":"https:\/\/www.sudoestehoje.com.br\/novoportal\/wp-json\/wp\/v2\/users\/2"}],"replies":[{"embeddable":true,"href":"https:\/\/www.sudoestehoje.com.br\/novoportal\/wp-json\/wp\/v2\/comments?post=49152"}],"version-history":[{"count":4,"href":"https:\/\/www.sudoestehoje.com.br\/novoportal\/wp-json\/wp\/v2\/posts\/49152\/revisions"}],"predecessor-version":[{"id":49167,"href":"https:\/\/www.sudoestehoje.com.br\/novoportal\/wp-json\/wp\/v2\/posts\/49152\/revisions\/49167"}],"wp:attachment":[{"href":"https:\/\/www.sudoestehoje.com.br\/novoportal\/wp-json\/wp\/v2\/media?parent=49152"}],"wp:term":[{"taxonomy":"category","embeddable":true,"href":"https:\/\/www.sudoestehoje.com.br\/novoportal\/wp-json\/wp\/v2\/categories?post=49152"},{"taxonomy":"post_tag","embeddable":true,"href":"https:\/\/www.sudoestehoje.com.br\/novoportal\/wp-json\/wp\/v2\/tags?post=49152"}],"curies":[{"name":"wp","href":"https:\/\/api.w.org\/{rel}","templated":true}]}}