
{"id":49149,"date":"2015-05-13T22:25:36","date_gmt":"2015-05-14T01:25:36","guid":{"rendered":"http:\/\/www.sudoestehoje.com.br\/novoportal\/?p=49149"},"modified":"2015-05-14T16:40:15","modified_gmt":"2015-05-14T19:40:15","slug":"itapetinga-criancas-levadas-de-aviao-sao-entregues-a-justica","status":"publish","type":"post","link":"https:\/\/www.sudoestehoje.com.br\/novoportal\/2015\/05\/13\/itapetinga-criancas-levadas-de-aviao-sao-entregues-a-justica\/","title":{"rendered":"ITAPETINGA: CRIAN\u00c7AS LEVADAS DE AVI\u00c3O S\u00c3O ENTREGUES \u00c0 JUSTI\u00c7A"},"content":{"rendered":"<p><a href=\"http:\/\/www.sudoestehoje.com.br\/novoportal\/wp-content\/uploads\/2015\/05\/GEMEOS.jpg\"><img loading=\"lazy\" decoding=\"async\" class=\"aligncenter size-medium wp-image-49150\" src=\"http:\/\/www.sudoestehoje.com.br\/novoportal\/wp-content\/uploads\/2015\/05\/GEMEOS-500x288.jpg\" alt=\"GEMEOS\" width=\"500\" height=\"288\" srcset=\"https:\/\/www.sudoestehoje.com.br\/novoportal\/wp-content\/uploads\/2015\/05\/GEMEOS-500x288.jpg 500w, https:\/\/www.sudoestehoje.com.br\/novoportal\/wp-content\/uploads\/2015\/05\/GEMEOS-150x87.jpg 150w, https:\/\/www.sudoestehoje.com.br\/novoportal\/wp-content\/uploads\/2015\/05\/GEMEOS.jpg 650w\" sizes=\"auto, (max-width: 500px) 100vw, 500px\" \/><\/a><\/p>\n<p>Duas crian\u00e7as rec\u00e9m-nascidas, que s\u00e3o g\u00eameas, podem ter sido adotadas de forma ilegal em\u00a0Itapetinga e levada para a Sul Baiano. A den\u00fancia chegou \u00e0 Justi\u00e7a pela Pol\u00edcia Civil e os beb\u00eas j\u00e1 est\u00e3o na Vara da Crian\u00e7a e Juventude desde a ter\u00e7a-feira (12).<\/p>\n<p>Os irm\u00e3os, uma menina e um menino, t\u00eam apenas dois meses. O <strong>G1 <\/strong>tentou contato com o delegado Roberto J\u00fanior, que investiga o caso, mas ainda n\u00e3o obteve sucesso.\u00a0A suspeita \u00e9 que a av\u00f3 materna tenha entregue as crian\u00e7as ao casal suspeito no aeroporto da cidade. O casal, ent\u00e3o, teria levado os beb\u00eas de avi\u00e3o para o sul do estado, o que teria acontecido no s\u00e1bado (9). O nome da cidade e a identidade dos pais n\u00e3o foram revelados.<\/p>\n<p>Na segunda (11), a Pol\u00edcia Civil entrou em contato com o advogado do casal, que entregou os beb\u00eas. Por determina\u00e7\u00e3o da Justi\u00e7a, a crian\u00e7a foi levada \u00e0 Vara da Crian\u00e7a e Juventude da cidade. Na ocasi\u00e3o, o casal mostrou autoriza\u00e7\u00e3o dos pais dos rec\u00e9m-nascidos para ficar com as crian\u00e7as. Os pais, que n\u00e3o foram identificados, negaram.<\/p>\n<p><img decoding=\"async\" class=\"aligncenter\" src=\"http:\/\/img.blogdoanderson.com\/publicidade\/cristo-redentor-02-15.jpg\" alt=\"\" \/><\/p>\n","protected":false},"excerpt":{"rendered":"<p>Duas crian\u00e7as rec\u00e9m-nascidas, que s\u00e3o g\u00eameas, podem ter sido adotadas de forma ilegal em\u00a0Itapetinga e levada para a Sul Baiano. A den\u00fancia chegou \u00e0 Justi\u00e7a pela Pol\u00edcia Civil e os beb\u00eas j\u00e1 est\u00e3o na Vara da Crian\u00e7a e Juventude desde a ter\u00e7a-feira (12). Os irm\u00e3os, uma menina e um menino, t\u00eam apenas dois meses. O [&hellip;]<\/p>\n","protected":false},"author":2,"featured_media":0,"comment_status":"open","ping_status":"open","sticky":false,"template":"","format":"standard","meta":{"footnotes":"","_links_to":"","_links_to_target":""},"categories":[1],"tags":[],"class_list":["post-49149","post","type-post","status-publish","format-standard","hentry","category-geral"],"views":1216,"_links":{"self":[{"href":"https:\/\/www.sudoestehoje.com.br\/novoportal\/wp-json\/wp\/v2\/posts\/49149","targetHints":{"allow":["GET"]}}],"collection":[{"href":"https:\/\/www.sudoestehoje.com.br\/novoportal\/wp-json\/wp\/v2\/posts"}],"about":[{"href":"https:\/\/www.sudoestehoje.com.br\/novoportal\/wp-json\/wp\/v2\/types\/post"}],"author":[{"embeddable":true,"href":"https:\/\/www.sudoestehoje.com.br\/novoportal\/wp-json\/wp\/v2\/users\/2"}],"replies":[{"embeddable":true,"href":"https:\/\/www.sudoestehoje.com.br\/novoportal\/wp-json\/wp\/v2\/comments?post=49149"}],"version-history":[{"count":2,"href":"https:\/\/www.sudoestehoje.com.br\/novoportal\/wp-json\/wp\/v2\/posts\/49149\/revisions"}],"predecessor-version":[{"id":49165,"href":"https:\/\/www.sudoestehoje.com.br\/novoportal\/wp-json\/wp\/v2\/posts\/49149\/revisions\/49165"}],"wp:attachment":[{"href":"https:\/\/www.sudoestehoje.com.br\/novoportal\/wp-json\/wp\/v2\/media?parent=49149"}],"wp:term":[{"taxonomy":"category","embeddable":true,"href":"https:\/\/www.sudoestehoje.com.br\/novoportal\/wp-json\/wp\/v2\/categories?post=49149"},{"taxonomy":"post_tag","embeddable":true,"href":"https:\/\/www.sudoestehoje.com.br\/novoportal\/wp-json\/wp\/v2\/tags?post=49149"}],"curies":[{"name":"wp","href":"https:\/\/api.w.org\/{rel}","templated":true}]}}