
{"id":49135,"date":"2015-05-13T19:44:56","date_gmt":"2015-05-13T22:44:56","guid":{"rendered":"http:\/\/www.sudoestehoje.com.br\/novoportal\/?p=49135"},"modified":"2015-05-14T16:41:24","modified_gmt":"2015-05-14T19:41:24","slug":"mocao-de-pesar-do-deputado-sandro-regis-e-registrada-na-assembleia","status":"publish","type":"post","link":"https:\/\/www.sudoestehoje.com.br\/novoportal\/2015\/05\/13\/mocao-de-pesar-do-deputado-sandro-regis-e-registrada-na-assembleia\/","title":{"rendered":"DEPUTADO SANDRO R\u00c9GIS APRESENTA MO\u00c7\u00c3O DE PESAR PELA MORTE DE DR. ARNALDO TEIXEIRA"},"content":{"rendered":"<p><a href=\"http:\/\/www.sudoestehoje.com.br\/novoportal\/wp-content\/uploads\/2015\/05\/ar-e-sa.jpg\"><img loading=\"lazy\" decoding=\"async\" class=\"aligncenter size-medium wp-image-49139\" src=\"http:\/\/www.sudoestehoje.com.br\/novoportal\/wp-content\/uploads\/2015\/05\/ar-e-sa-500x281.jpg\" alt=\"GEDSC DIGITAL CAMERA\" width=\"500\" height=\"281\" srcset=\"https:\/\/www.sudoestehoje.com.br\/novoportal\/wp-content\/uploads\/2015\/05\/ar-e-sa-500x281.jpg 500w, https:\/\/www.sudoestehoje.com.br\/novoportal\/wp-content\/uploads\/2015\/05\/ar-e-sa-700x394.jpg 700w, https:\/\/www.sudoestehoje.com.br\/novoportal\/wp-content\/uploads\/2015\/05\/ar-e-sa-150x84.jpg 150w, https:\/\/www.sudoestehoje.com.br\/novoportal\/wp-content\/uploads\/2015\/05\/ar-e-sa.jpg 1920w\" sizes=\"auto, (max-width: 500px) 100vw, 500px\" \/><\/a><\/p>\n<p>Na \u00faltima ter\u00e7a-feira (12), o deputado estadual Sandro R\u00e9gis (DEM) apresentou, na Assembleia Legislativa, uma mo\u00e7\u00e3o de pesar pelo falecimento do ex-deputado Arnaldo Teixeira, em decorr\u00eancia de um enfarto.<\/p>\n<p><em>\u201cArnaldo Teixeira era um cidad\u00e3o participativo, respeit\u00e1vel e muito querido.\u00a0Um m\u00e9dico dedicado, competente e comunit\u00e1rio. Era um amigo elogi\u00e1vel! A sua morte s\u00fabita consternou e pegou de surpresa todos n\u00f3s, especialmente a comunidade de Itapetinga e regi\u00e3o, onde ele era estimado e admirado\u201d<\/em>, ressaltou Sandro R\u00e9gis.<\/p>\n<p>O deputado tamb\u00e9m fez parte da comiss\u00e3o de deputados designada pela Assembl\u00e9ia Legislativa para comparecer ao vel\u00f3rio e sepultamento de Dr. Arnaldo. Ascom<\/p>\n<p>Confira a\u00a0<a href=\"http:\/\/www.sudoestehoje.com.br\/novoportal\/wp-content\/uploads\/2015\/05\/Mocao-de-Pesar-Ex-Deputado-Arnaldo-Teixeira.pdf\">Mocao de Pesar &#8211; Ex-Deputado Arnaldo Teixeira<\/a><\/p>\n<p><img decoding=\"async\" class=\"aligncenter\" src=\"http:\/\/www.sudoestehoje.com.br\/novoportal\/wp-content\/uploads\/2015\/04\/skala-500x167.jpg\" alt=\"skala\" \/><\/p>\n","protected":false},"excerpt":{"rendered":"<p>Na \u00faltima ter\u00e7a-feira (12), o deputado estadual Sandro R\u00e9gis (DEM) apresentou, na Assembleia Legislativa, uma mo\u00e7\u00e3o de pesar pelo falecimento do ex-deputado Arnaldo Teixeira, em decorr\u00eancia de um enfarto. \u201cArnaldo Teixeira era um cidad\u00e3o participativo, respeit\u00e1vel e muito querido.\u00a0Um m\u00e9dico dedicado, competente e comunit\u00e1rio. Era um amigo elogi\u00e1vel! A sua morte s\u00fabita consternou e pegou [&hellip;]<\/p>\n","protected":false},"author":2,"featured_media":0,"comment_status":"open","ping_status":"open","sticky":false,"template":"","format":"standard","meta":{"footnotes":"","_links_to":"","_links_to_target":""},"categories":[1],"tags":[],"class_list":["post-49135","post","type-post","status-publish","format-standard","hentry","category-geral"],"views":1499,"_links":{"self":[{"href":"https:\/\/www.sudoestehoje.com.br\/novoportal\/wp-json\/wp\/v2\/posts\/49135","targetHints":{"allow":["GET"]}}],"collection":[{"href":"https:\/\/www.sudoestehoje.com.br\/novoportal\/wp-json\/wp\/v2\/posts"}],"about":[{"href":"https:\/\/www.sudoestehoje.com.br\/novoportal\/wp-json\/wp\/v2\/types\/post"}],"author":[{"embeddable":true,"href":"https:\/\/www.sudoestehoje.com.br\/novoportal\/wp-json\/wp\/v2\/users\/2"}],"replies":[{"embeddable":true,"href":"https:\/\/www.sudoestehoje.com.br\/novoportal\/wp-json\/wp\/v2\/comments?post=49135"}],"version-history":[{"count":9,"href":"https:\/\/www.sudoestehoje.com.br\/novoportal\/wp-json\/wp\/v2\/posts\/49135\/revisions"}],"predecessor-version":[{"id":49166,"href":"https:\/\/www.sudoestehoje.com.br\/novoportal\/wp-json\/wp\/v2\/posts\/49135\/revisions\/49166"}],"wp:attachment":[{"href":"https:\/\/www.sudoestehoje.com.br\/novoportal\/wp-json\/wp\/v2\/media?parent=49135"}],"wp:term":[{"taxonomy":"category","embeddable":true,"href":"https:\/\/www.sudoestehoje.com.br\/novoportal\/wp-json\/wp\/v2\/categories?post=49135"},{"taxonomy":"post_tag","embeddable":true,"href":"https:\/\/www.sudoestehoje.com.br\/novoportal\/wp-json\/wp\/v2\/tags?post=49135"}],"curies":[{"name":"wp","href":"https:\/\/api.w.org\/{rel}","templated":true}]}}