
{"id":49109,"date":"2015-05-13T13:15:45","date_gmt":"2015-05-13T16:15:45","guid":{"rendered":"http:\/\/www.sudoestehoje.com.br\/novoportal\/?p=49109"},"modified":"2015-05-14T16:43:27","modified_gmt":"2015-05-14T19:43:27","slug":"nota-de-pesar-da-camara-municipal","status":"publish","type":"post","link":"https:\/\/www.sudoestehoje.com.br\/novoportal\/2015\/05\/13\/nota-de-pesar-da-camara-municipal\/","title":{"rendered":"NOTA DE PESAR DA C\u00c2MARA MUNICIPAL"},"content":{"rendered":"<p class=\"yiv6131453266MsoNormal\" style=\"text-align: left;\" align=\"center\"><a href=\"http:\/\/www.sudoestehoje.com.br\/novoportal\/wp-content\/uploads\/2015\/05\/ARNALDINHO.jpg\"><img loading=\"lazy\" decoding=\"async\" class=\"aligncenter  wp-image-49111\" src=\"http:\/\/www.sudoestehoje.com.br\/novoportal\/wp-content\/uploads\/2015\/05\/ARNALDINHO.jpg\" alt=\"ARNALDINHO\" width=\"500\" height=\"280\" srcset=\"https:\/\/www.sudoestehoje.com.br\/novoportal\/wp-content\/uploads\/2015\/05\/ARNALDINHO.jpg 300w, https:\/\/www.sudoestehoje.com.br\/novoportal\/wp-content\/uploads\/2015\/05\/ARNALDINHO-150x84.jpg 150w\" sizes=\"auto, (max-width: 500px) 100vw, 500px\" \/><\/a><\/p>\n<p id=\"yui_3_16_0_1_1431530111570_13484\" class=\"yiv6131453266MsoNormal\" style=\"text-align: left;\" align=\"center\">A C\u00e2mara Municipal de Itapetinga manifesta seu mais profundo pesar pelo falecimento do m\u00e9dico e ex-vereador de Itapetinga Arnaldo Alves Teixeira, aos 62 anos de idade, ocorrido na tarde dessa ter\u00e7a-feira, 12, em Vit\u00f3ria da Conquista.<\/p>\n<p id=\"yui_3_16_0_1_1431530111570_13356\" class=\"yiv6131453266MsoNormal\"><span id=\"yui_3_16_0_1_1431530111570_13475\">O corpo est\u00e1 sendo velado no Plen\u00e1rio Ulysses Guimar\u00e3es, na C\u00e2mara Municipal de Itapetinga, de onde sair\u00e1 em cortejo para <\/span><span id=\"yui_3_16_0_1_1431530111570_13460\">o Cemit\u00e9rio Central, no bairro Camac\u00e3, \u00e0s 16 horas desta <\/span>quarta-feira, 13.<\/p>\n<p id=\"yui_3_16_0_1_1431530111570_13474\" class=\"yiv6131453266MsoNormal\"><span id=\"yui_3_16_0_1_1431530111570_13473\">Natural de Macarani e morador de Itapetinga h\u00e1 33 anos, Arnaldo Teixeira consagrou-se como um dos m\u00e9dicos mais procurados e queridos da microrregi\u00e3o, atividade exercida h\u00e1 mais de tr\u00eas d\u00e9cadas. Foi eleito vereador pelo Partido Socialista Brasileiro-PSB em Itapetinga (1993-1996), mas renunciou em dezembro de 1994 para disputar uma cadeira na Assembleia Legislativa da Bahia. Eleito, foi deputado estadual pelo PSB (1995-1999) e ainda disputou as elei\u00e7\u00f5es para prefeito de Itapetinga em 2012, pelo PR.<\/span><\/p>\n<p id=\"yui_3_16_0_1_1431530111570_13462\" class=\"yiv6131453266MsoNormal\"><span id=\"yui_3_16_0_1_1431530111570_13461\">Neste momento de dor, o presidente da C\u00e2mara, Valdeir Chagas, e demais vereadores prestam solidariedade ao vereador Fabiano Sousa Alves, irm\u00e3o de Dr. Arnaldo, e aos demais familiares. A C\u00e2mara publica a\u00a0Portaria 557\/15, decretando luto oficial de tr\u00eas dias e suspende as atividades no dia de hoje.\u00a0<\/span>Ascom<\/p>\n<p class=\"yiv6131453266MsoNormal\"><img decoding=\"async\" class=\"aligncenter\" src=\"http:\/\/www.sudoestehoje.com.br\/novoportal\/wp-content\/uploads\/2014\/12\/Banner-Casabella-500x104.jpg\" alt=\"Banner Casabella\" \/><\/p>\n","protected":false},"excerpt":{"rendered":"<p>A C\u00e2mara Municipal de Itapetinga manifesta seu mais profundo pesar pelo falecimento do m\u00e9dico e ex-vereador de Itapetinga Arnaldo Alves Teixeira, aos 62 anos de idade, ocorrido na tarde dessa ter\u00e7a-feira, 12, em Vit\u00f3ria da Conquista. O corpo est\u00e1 sendo velado no Plen\u00e1rio Ulysses Guimar\u00e3es, na C\u00e2mara Municipal de Itapetinga, de onde sair\u00e1 em cortejo [&hellip;]<\/p>\n","protected":false},"author":2,"featured_media":0,"comment_status":"open","ping_status":"open","sticky":false,"template":"","format":"standard","meta":{"footnotes":"","_links_to":"","_links_to_target":""},"categories":[1],"tags":[],"class_list":["post-49109","post","type-post","status-publish","format-standard","hentry","category-geral"],"views":1485,"_links":{"self":[{"href":"https:\/\/www.sudoestehoje.com.br\/novoportal\/wp-json\/wp\/v2\/posts\/49109","targetHints":{"allow":["GET"]}}],"collection":[{"href":"https:\/\/www.sudoestehoje.com.br\/novoportal\/wp-json\/wp\/v2\/posts"}],"about":[{"href":"https:\/\/www.sudoestehoje.com.br\/novoportal\/wp-json\/wp\/v2\/types\/post"}],"author":[{"embeddable":true,"href":"https:\/\/www.sudoestehoje.com.br\/novoportal\/wp-json\/wp\/v2\/users\/2"}],"replies":[{"embeddable":true,"href":"https:\/\/www.sudoestehoje.com.br\/novoportal\/wp-json\/wp\/v2\/comments?post=49109"}],"version-history":[{"count":3,"href":"https:\/\/www.sudoestehoje.com.br\/novoportal\/wp-json\/wp\/v2\/posts\/49109\/revisions"}],"predecessor-version":[{"id":49168,"href":"https:\/\/www.sudoestehoje.com.br\/novoportal\/wp-json\/wp\/v2\/posts\/49109\/revisions\/49168"}],"wp:attachment":[{"href":"https:\/\/www.sudoestehoje.com.br\/novoportal\/wp-json\/wp\/v2\/media?parent=49109"}],"wp:term":[{"taxonomy":"category","embeddable":true,"href":"https:\/\/www.sudoestehoje.com.br\/novoportal\/wp-json\/wp\/v2\/categories?post=49109"},{"taxonomy":"post_tag","embeddable":true,"href":"https:\/\/www.sudoestehoje.com.br\/novoportal\/wp-json\/wp\/v2\/tags?post=49109"}],"curies":[{"name":"wp","href":"https:\/\/api.w.org\/{rel}","templated":true}]}}