
{"id":49087,"date":"2015-05-12T16:46:43","date_gmt":"2015-05-12T19:46:43","guid":{"rendered":"http:\/\/www.sudoestehoje.com.br\/novoportal\/?p=49087"},"modified":"2015-05-14T16:45:52","modified_gmt":"2015-05-14T19:45:52","slug":"uegente-acaba-de-falecer-o-medico-urologista-arnaldo-teixeira","status":"publish","type":"post","link":"https:\/\/www.sudoestehoje.com.br\/novoportal\/2015\/05\/12\/uegente-acaba-de-falecer-o-medico-urologista-arnaldo-teixeira\/","title":{"rendered":"URGENTE! ACABA DE FALECER O M\u00c9DICO UROLOGISTA DR. ARNALDO TEIXEIRA"},"content":{"rendered":"<p><a href=\"http:\/\/www.sudoestehoje.com.br\/novoportal\/wp-content\/uploads\/2015\/05\/arnal.png\"><img loading=\"lazy\" decoding=\"async\" class=\"aligncenter size-medium wp-image-49088\" src=\"http:\/\/www.sudoestehoje.com.br\/novoportal\/wp-content\/uploads\/2015\/05\/arnal-500x310.png\" alt=\"arnal\" width=\"500\" height=\"310\" srcset=\"https:\/\/www.sudoestehoje.com.br\/novoportal\/wp-content\/uploads\/2015\/05\/arnal-500x310.png 500w, https:\/\/www.sudoestehoje.com.br\/novoportal\/wp-content\/uploads\/2015\/05\/arnal-150x93.png 150w, https:\/\/www.sudoestehoje.com.br\/novoportal\/wp-content\/uploads\/2015\/05\/arnal.png 626w\" sizes=\"auto, (max-width: 500px) 100vw, 500px\" \/><\/a><\/p>\n<p>\u00c9 com muito pesar que informamos o falecimento do m\u00e9dico urologista Dr. Arnaldo Teixeira, 62 anos, ocorrido nas depend\u00eancias do Hospital S\u00e3o Vicente, em Conquista, no final da tarde desta ter\u00e7a-feira (12). Dr. Arnaldo tinha ido ao hospital a trabalho, quando se sentiu mal e teve uma parada card\u00edaca, morrendo instantaneamente de infarto.<\/p>\n<p>M\u00e9dico h\u00e1 34 anos, Dr. Arnaldo era natural de Macarani, mas residia em Itapetinga h\u00e1 33 anos, onde sempre exerceu a medicina, sendo considerado um m\u00e9dico muito preparado, competente e extremamente humanit\u00e1rio.<\/p>\n<p>Ex-vereador e ex-deputado estadual, Arnaldo Texeira disputou as elei\u00e7\u00f5es para prefeito de Itapetinga em 2012, pelo PR, alcan\u00e7ando a 3\u00aa coloca\u00e7\u00e3o, com mais de 8 mil votos.<\/p>\n<p>O corpo de Dr. Arnaldo Teixeira ser\u00e1 velado na C\u00e2mara Municipal de Itapetinga. O sepultamento acontecer\u00e1 \u00e0s 16h desta quarta-feira, no Cemit\u00e9rio Central, no bairro Camacan.<\/p>\n<p><strong><em>Por Davi Ferraz<\/em><\/strong><\/p>\n<p><img loading=\"lazy\" decoding=\"async\" class=\" aligncenter\" src=\"http:\/\/2.bp.blogspot.com\/-70-eOs__L20\/VPCyusPhXRI\/AAAAAAAACAQ\/KHorKekdACs\/s640\/tarug%C3%A3o1.jpg\" alt=\"\" width=\"501\" height=\"141\" \/><\/p>\n","protected":false},"excerpt":{"rendered":"<p>\u00c9 com muito pesar que informamos o falecimento do m\u00e9dico urologista Dr. Arnaldo Teixeira, 62 anos, ocorrido nas depend\u00eancias do Hospital S\u00e3o Vicente, em Conquista, no final da tarde desta ter\u00e7a-feira (12). Dr. Arnaldo tinha ido ao hospital a trabalho, quando se sentiu mal e teve uma parada card\u00edaca, morrendo instantaneamente de infarto. M\u00e9dico h\u00e1 [&hellip;]<\/p>\n","protected":false},"author":2,"featured_media":0,"comment_status":"open","ping_status":"open","sticky":false,"template":"","format":"standard","meta":{"footnotes":"","_links_to":"","_links_to_target":""},"categories":[1],"tags":[],"class_list":["post-49087","post","type-post","status-publish","format-standard","hentry","category-geral"],"views":3479,"_links":{"self":[{"href":"https:\/\/www.sudoestehoje.com.br\/novoportal\/wp-json\/wp\/v2\/posts\/49087","targetHints":{"allow":["GET"]}}],"collection":[{"href":"https:\/\/www.sudoestehoje.com.br\/novoportal\/wp-json\/wp\/v2\/posts"}],"about":[{"href":"https:\/\/www.sudoestehoje.com.br\/novoportal\/wp-json\/wp\/v2\/types\/post"}],"author":[{"embeddable":true,"href":"https:\/\/www.sudoestehoje.com.br\/novoportal\/wp-json\/wp\/v2\/users\/2"}],"replies":[{"embeddable":true,"href":"https:\/\/www.sudoestehoje.com.br\/novoportal\/wp-json\/wp\/v2\/comments?post=49087"}],"version-history":[{"count":13,"href":"https:\/\/www.sudoestehoje.com.br\/novoportal\/wp-json\/wp\/v2\/posts\/49087\/revisions"}],"predecessor-version":[{"id":49170,"href":"https:\/\/www.sudoestehoje.com.br\/novoportal\/wp-json\/wp\/v2\/posts\/49087\/revisions\/49170"}],"wp:attachment":[{"href":"https:\/\/www.sudoestehoje.com.br\/novoportal\/wp-json\/wp\/v2\/media?parent=49087"}],"wp:term":[{"taxonomy":"category","embeddable":true,"href":"https:\/\/www.sudoestehoje.com.br\/novoportal\/wp-json\/wp\/v2\/categories?post=49087"},{"taxonomy":"post_tag","embeddable":true,"href":"https:\/\/www.sudoestehoje.com.br\/novoportal\/wp-json\/wp\/v2\/tags?post=49087"}],"curies":[{"name":"wp","href":"https:\/\/api.w.org\/{rel}","templated":true}]}}