
{"id":49041,"date":"2015-05-10T21:44:58","date_gmt":"2015-05-11T00:44:58","guid":{"rendered":"http:\/\/www.sudoestehoje.com.br\/novoportal\/?p=49041"},"modified":"2015-05-10T23:02:16","modified_gmt":"2015-05-11T02:02:16","slug":"macarani-prefeitura-distribui-cerca-de-mil-premios-para-maes-carentes","status":"publish","type":"post","link":"https:\/\/www.sudoestehoje.com.br\/novoportal\/2015\/05\/10\/macarani-prefeitura-distribui-cerca-de-mil-premios-para-maes-carentes\/","title":{"rendered":"MACARANI: PREFEITURA DISTRIBUI CERCA DE MIL PR\u00caMIOS PARA M\u00c3ES CARENTES"},"content":{"rendered":"<p><a href=\"http:\/\/www.sudoestehoje.com.br\/novoportal\/wp-content\/uploads\/2015\/05\/maes-01-3.jpg\"><img loading=\"lazy\" decoding=\"async\" class=\"aligncenter size-medium wp-image-49042\" src=\"http:\/\/www.sudoestehoje.com.br\/novoportal\/wp-content\/uploads\/2015\/05\/maes-01-3-500x375.jpg\" alt=\"maes-01-3\" width=\"500\" height=\"375\" srcset=\"https:\/\/www.sudoestehoje.com.br\/novoportal\/wp-content\/uploads\/2015\/05\/maes-01-3-500x375.jpg 500w, https:\/\/www.sudoestehoje.com.br\/novoportal\/wp-content\/uploads\/2015\/05\/maes-01-3-700x525.jpg 700w, https:\/\/www.sudoestehoje.com.br\/novoportal\/wp-content\/uploads\/2015\/05\/maes-01-3-150x113.jpg 150w, https:\/\/www.sudoestehoje.com.br\/novoportal\/wp-content\/uploads\/2015\/05\/maes-01-3.jpg 800w\" sizes=\"auto, (max-width: 500px) 100vw, 500px\" \/><\/a><\/p>\n<p>Na \u00faltima sexta-feira(8), o prefeito Carlinhos abriu as comemora\u00e7\u00f5es do Dias das M\u00e3es, com uma programa\u00e7\u00e3o no Gin\u00e1sio de Esporte, onde cerca de 1.000 pr\u00eamios foram distribu\u00eddos para as m\u00e3es carentes do munic\u00edpio.\u00a0Fog\u00f5es, geladeira, televisores, ventiladores, ferros el\u00e9tricos, panelas el\u00e9trica e de press\u00e3o, dentre outros, foram sorteados para as mais de 3 mil mulheres que estiveram presentes ao evento.<\/p>\n<p>Um dos momentos mais emocionantes ocorreu quando o prefeito anunciou a doa\u00e7\u00e3o de uma novilha para ser sorteada, tendo como ganhadora uma mulher carente, que n\u00e3o acreditou quando seu n\u00famero foi contemplado.<\/p>\n<p><a href=\"http:\/\/www.sudoestehoje.com.br\/novoportal\/wp-content\/uploads\/2015\/05\/maes-07.jpg\"><img loading=\"lazy\" decoding=\"async\" class=\"aligncenter size-medium wp-image-49043\" src=\"http:\/\/www.sudoestehoje.com.br\/novoportal\/wp-content\/uploads\/2015\/05\/maes-07-500x375.jpg\" alt=\"maes-07\" width=\"500\" height=\"375\" srcset=\"https:\/\/www.sudoestehoje.com.br\/novoportal\/wp-content\/uploads\/2015\/05\/maes-07-500x375.jpg 500w, https:\/\/www.sudoestehoje.com.br\/novoportal\/wp-content\/uploads\/2015\/05\/maes-07-700x525.jpg 700w, https:\/\/www.sudoestehoje.com.br\/novoportal\/wp-content\/uploads\/2015\/05\/maes-07-150x113.jpg 150w, https:\/\/www.sudoestehoje.com.br\/novoportal\/wp-content\/uploads\/2015\/05\/maes-07.jpg 800w\" sizes=\"auto, (max-width: 500px) 100vw, 500px\" \/><\/a><\/p>\n<p>A ganhadora da novilha, dona Elizabete, disse que compareceu ao evento mesmo n\u00e3o acreditando que iria ganhar algum premio: &#8220;Estou sem palavras e muito feliz. Agrade\u00e7o ao prefeito por ter, mais uma vez, lembrado dessas m\u00e3es humildes, assim como eu.&#8221;, comemorou.<!--more--><\/p>\n<p>Outra m\u00e3e, dona Maria do Carmo Menezes, que foi contemplada como uma geladeira, disse ter ficado emocionada e impressionada com o ato da administra\u00e7\u00e3o, em lembrar mais uma vez do povo pobre na data festiva. &#8220;Geralmente s\u00f3 as m\u00e3es que t\u00eam filhos trabalhando, ganham presentes no dia das m\u00e3es. Hoje as coisas mudaram e todas aqui estamos satisfeitas com o tratamento que \u00e9 dado tamb\u00e9m \u00e0s comunidades carentes&#8221;, disse a ganhadora da geladeira.<\/p>\n<p>Para o prefeito Carlinhos, a administra\u00e7\u00e3o tem por dever tratar todos de maneira igualit\u00e1ria. Carlinhos afirmou que nunca as m\u00e3es do munic\u00edpio foram lembradas em administra\u00e7\u00f5es anteriores e homenageadas pelo poder p\u00fablico. &#8220;Infelizmente n\u00e3o s\u00f3 as mulheres eram esquecidas, mas todos estavam no abandono. Essa programa\u00e7\u00e3o marca n\u00e3o apenas o dia das m\u00e3es, mas a determina\u00e7\u00e3o do nosso governo em trabalhar para todos&#8221;, concluiu o alcaide. Ascom<\/p>\n","protected":false},"excerpt":{"rendered":"<p>Na \u00faltima sexta-feira(8), o prefeito Carlinhos abriu as comemora\u00e7\u00f5es do Dias das M\u00e3es, com uma programa\u00e7\u00e3o no Gin\u00e1sio de Esporte, onde cerca de 1.000 pr\u00eamios foram distribu\u00eddos para as m\u00e3es carentes do munic\u00edpio.\u00a0Fog\u00f5es, geladeira, televisores, ventiladores, ferros el\u00e9tricos, panelas el\u00e9trica e de press\u00e3o, dentre outros, foram sorteados para as mais de 3 mil mulheres que [&hellip;]<\/p>\n","protected":false},"author":2,"featured_media":0,"comment_status":"open","ping_status":"open","sticky":false,"template":"","format":"standard","meta":{"footnotes":"","_links_to":"","_links_to_target":""},"categories":[1],"tags":[],"class_list":["post-49041","post","type-post","status-publish","format-standard","hentry","category-geral"],"views":1211,"_links":{"self":[{"href":"https:\/\/www.sudoestehoje.com.br\/novoportal\/wp-json\/wp\/v2\/posts\/49041","targetHints":{"allow":["GET"]}}],"collection":[{"href":"https:\/\/www.sudoestehoje.com.br\/novoportal\/wp-json\/wp\/v2\/posts"}],"about":[{"href":"https:\/\/www.sudoestehoje.com.br\/novoportal\/wp-json\/wp\/v2\/types\/post"}],"author":[{"embeddable":true,"href":"https:\/\/www.sudoestehoje.com.br\/novoportal\/wp-json\/wp\/v2\/users\/2"}],"replies":[{"embeddable":true,"href":"https:\/\/www.sudoestehoje.com.br\/novoportal\/wp-json\/wp\/v2\/comments?post=49041"}],"version-history":[{"count":4,"href":"https:\/\/www.sudoestehoje.com.br\/novoportal\/wp-json\/wp\/v2\/posts\/49041\/revisions"}],"predecessor-version":[{"id":49054,"href":"https:\/\/www.sudoestehoje.com.br\/novoportal\/wp-json\/wp\/v2\/posts\/49041\/revisions\/49054"}],"wp:attachment":[{"href":"https:\/\/www.sudoestehoje.com.br\/novoportal\/wp-json\/wp\/v2\/media?parent=49041"}],"wp:term":[{"taxonomy":"category","embeddable":true,"href":"https:\/\/www.sudoestehoje.com.br\/novoportal\/wp-json\/wp\/v2\/categories?post=49041"},{"taxonomy":"post_tag","embeddable":true,"href":"https:\/\/www.sudoestehoje.com.br\/novoportal\/wp-json\/wp\/v2\/tags?post=49041"}],"curies":[{"name":"wp","href":"https:\/\/api.w.org\/{rel}","templated":true}]}}