
{"id":49027,"date":"2015-05-09T21:38:49","date_gmt":"2015-05-10T00:38:49","guid":{"rendered":"http:\/\/www.sudoestehoje.com.br\/novoportal\/?p=49027"},"modified":"2015-05-09T22:10:15","modified_gmt":"2015-05-10T01:10:15","slug":"prefeitura-divulga-novo-boletim-medico-sobre-saude-de-ze-carlos","status":"publish","type":"post","link":"https:\/\/www.sudoestehoje.com.br\/novoportal\/2015\/05\/09\/prefeitura-divulga-novo-boletim-medico-sobre-saude-de-ze-carlos\/","title":{"rendered":"PREFEITURA DIVULGA NOVO BOLETIM M\u00c9DICO SOBRE SA\u00daDE DE Z\u00c9 CARLOS"},"content":{"rendered":"<div id=\"attachment_49031\" style=\"width: 510px\" class=\"wp-caption aligncenter\"><a href=\"http:\/\/www.sudoestehoje.com.br\/novoportal\/wp-content\/uploads\/2015\/05\/BOLE.jpg\"><img loading=\"lazy\" decoding=\"async\" aria-describedby=\"caption-attachment-49031\" class=\"size-medium wp-image-49031\" src=\"http:\/\/www.sudoestehoje.com.br\/novoportal\/wp-content\/uploads\/2015\/05\/BOLE-500x243.jpg\" alt=\"Foto Blog do Tarug\u00e3o\" width=\"500\" height=\"243\" srcset=\"https:\/\/www.sudoestehoje.com.br\/novoportal\/wp-content\/uploads\/2015\/05\/BOLE-500x243.jpg 500w, https:\/\/www.sudoestehoje.com.br\/novoportal\/wp-content\/uploads\/2015\/05\/BOLE-700x340.jpg 700w, https:\/\/www.sudoestehoje.com.br\/novoportal\/wp-content\/uploads\/2015\/05\/BOLE-150x73.jpg 150w, https:\/\/www.sudoestehoje.com.br\/novoportal\/wp-content\/uploads\/2015\/05\/BOLE.jpg 956w\" sizes=\"auto, (max-width: 500px) 100vw, 500px\" \/><\/a><p id=\"caption-attachment-49031\" class=\"wp-caption-text\">Foto Blog do Tarug\u00e3o (Clique para ampliar)<\/p><\/div>\n<p>Na noite desta sexta-feira (08), a Assessoria de Comunica\u00e7\u00e3o da Prefeitura de Itapetinga distribuiu um boletim m\u00e9dico supostamente emitido pelo Hospital Alian\u00e7a, \u00a0em Salvador, informando o estado clinico do prefeito Jos\u00e9 Carlos Moura.<\/p>\n<p>De acordo com o boletim\u2019, o prefeito poder\u00e1 ter alta hospitalar nos pr\u00f3ximos dias. Entretanto, o\u00a0que chamou \u00e0 aten\u00e7\u00e3o no \u00faltimo boletim, s\u00e3o as assinaturas dos m\u00e9dicos, que s\u00e3o bem diferentes das anteriores e n\u00e3o conferem com as assinaturas da nota t\u00e9cnica emitida em 20 de mar\u00e7o de 2015.<\/p>\n<p>Fontes ligadas \u00e0 administra\u00e7\u00e3o informam, entretanto, que o prefeito Z\u00e9 Carlos est\u00e1 extremamente debilitado, com dificuldades para movimentar as pernas, com a fala embolada e com forte resist\u00eancia ao tratamento fisioter\u00e1pico, o que poder\u00e1 retardar \u00a0sua plena recupera\u00e7\u00e3o.<\/p>\n<p><strong><em>Por Davi Ferraz<\/em><\/strong><\/p>\n<p><a href=\"http:\/\/www.sudoestehoje.com.br\/novoportal\/wp-content\/uploads\/2015\/05\/rezende-500x163.jpg\"><img loading=\"lazy\" decoding=\"async\" class=\"aligncenter size-medium wp-image-49036\" src=\"http:\/\/www.sudoestehoje.com.br\/novoportal\/wp-content\/uploads\/2015\/05\/rezende-500x163-500x163.jpg\" alt=\"rezende-500x163\" width=\"500\" height=\"163\" srcset=\"https:\/\/www.sudoestehoje.com.br\/novoportal\/wp-content\/uploads\/2015\/05\/rezende-500x163.jpg 500w, https:\/\/www.sudoestehoje.com.br\/novoportal\/wp-content\/uploads\/2015\/05\/rezende-500x163-150x49.jpg 150w\" sizes=\"auto, (max-width: 500px) 100vw, 500px\" \/><\/a><\/p>\n","protected":false},"excerpt":{"rendered":"<p>Na noite desta sexta-feira (08), a Assessoria de Comunica\u00e7\u00e3o da Prefeitura de Itapetinga distribuiu um boletim m\u00e9dico supostamente emitido pelo Hospital Alian\u00e7a, \u00a0em Salvador, informando o estado clinico do prefeito Jos\u00e9 Carlos Moura. De acordo com o boletim\u2019, o prefeito poder\u00e1 ter alta hospitalar nos pr\u00f3ximos dias. Entretanto, o\u00a0que chamou \u00e0 aten\u00e7\u00e3o no \u00faltimo boletim, [&hellip;]<\/p>\n","protected":false},"author":2,"featured_media":0,"comment_status":"open","ping_status":"open","sticky":false,"template":"","format":"standard","meta":{"footnotes":"","_links_to":"","_links_to_target":""},"categories":[1],"tags":[],"class_list":["post-49027","post","type-post","status-publish","format-standard","hentry","category-geral"],"views":1543,"_links":{"self":[{"href":"https:\/\/www.sudoestehoje.com.br\/novoportal\/wp-json\/wp\/v2\/posts\/49027","targetHints":{"allow":["GET"]}}],"collection":[{"href":"https:\/\/www.sudoestehoje.com.br\/novoportal\/wp-json\/wp\/v2\/posts"}],"about":[{"href":"https:\/\/www.sudoestehoje.com.br\/novoportal\/wp-json\/wp\/v2\/types\/post"}],"author":[{"embeddable":true,"href":"https:\/\/www.sudoestehoje.com.br\/novoportal\/wp-json\/wp\/v2\/users\/2"}],"replies":[{"embeddable":true,"href":"https:\/\/www.sudoestehoje.com.br\/novoportal\/wp-json\/wp\/v2\/comments?post=49027"}],"version-history":[{"count":6,"href":"https:\/\/www.sudoestehoje.com.br\/novoportal\/wp-json\/wp\/v2\/posts\/49027\/revisions"}],"predecessor-version":[{"id":49037,"href":"https:\/\/www.sudoestehoje.com.br\/novoportal\/wp-json\/wp\/v2\/posts\/49027\/revisions\/49037"}],"wp:attachment":[{"href":"https:\/\/www.sudoestehoje.com.br\/novoportal\/wp-json\/wp\/v2\/media?parent=49027"}],"wp:term":[{"taxonomy":"category","embeddable":true,"href":"https:\/\/www.sudoestehoje.com.br\/novoportal\/wp-json\/wp\/v2\/categories?post=49027"},{"taxonomy":"post_tag","embeddable":true,"href":"https:\/\/www.sudoestehoje.com.br\/novoportal\/wp-json\/wp\/v2\/tags?post=49027"}],"curies":[{"name":"wp","href":"https:\/\/api.w.org\/{rel}","templated":true}]}}