
{"id":48981,"date":"2015-05-08T14:11:40","date_gmt":"2015-05-08T17:11:40","guid":{"rendered":"http:\/\/www.sudoestehoje.com.br\/novoportal\/?p=48981"},"modified":"2015-05-09T20:13:21","modified_gmt":"2015-05-09T23:13:21","slug":"carne-de-gado-roubado-e-abate-clandestino-na-merenda-escolar-podre","status":"publish","type":"post","link":"https:\/\/www.sudoestehoje.com.br\/novoportal\/2015\/05\/08\/carne-de-gado-roubado-e-abate-clandestino-na-merenda-escolar-podre\/","title":{"rendered":"CARNE DE GADO ROUBADO E ABATE CLANDESTINO NA MERENDA ESCOLAR"},"content":{"rendered":"<div id=\"attachment_48982\" style=\"width: 510px\" class=\"wp-caption aligncenter\"><a href=\"http:\/\/www.sudoestehoje.com.br\/novoportal\/wp-content\/uploads\/2015\/05\/carne-podre.jpg\"><img loading=\"lazy\" decoding=\"async\" aria-describedby=\"caption-attachment-48982\" class=\"size-medium wp-image-48982\" src=\"http:\/\/www.sudoestehoje.com.br\/novoportal\/wp-content\/uploads\/2015\/05\/carne-podre-500x281.jpg\" alt=\"Carne de gado roubado e abate clandestino seria entregue \u00e0s escolas da rede municipal.\" width=\"500\" height=\"281\" srcset=\"https:\/\/www.sudoestehoje.com.br\/novoportal\/wp-content\/uploads\/2015\/05\/carne-podre-500x281.jpg 500w, https:\/\/www.sudoestehoje.com.br\/novoportal\/wp-content\/uploads\/2015\/05\/carne-podre-700x394.jpg 700w, https:\/\/www.sudoestehoje.com.br\/novoportal\/wp-content\/uploads\/2015\/05\/carne-podre-150x84.jpg 150w, https:\/\/www.sudoestehoje.com.br\/novoportal\/wp-content\/uploads\/2015\/05\/carne-podre.jpg 1024w\" sizes=\"auto, (max-width: 500px) 100vw, 500px\" \/><\/a><p id=\"caption-attachment-48982\" class=\"wp-caption-text\">Carne de gado roubado e abate clandestino seria entregue \u00e0s escolas da rede municipal, pelo a\u00e7ougueiro de &#8216;confian\u00e7a&#8217; do prefeito. O delito j\u00e1 vinha sendo cometido h\u00e1 anos.<\/p><\/div>\n<p>Poucas hora depois da secret\u00e1ria Sibele Nery afirmar, na C\u00e2mara Municipal, que a merenda das escolas municipais \u00e9 de &#8220;alt\u00edssima qualidade&#8221;, o principal fornecedor de carnes da prefeitura, Gild\u00e1sio A\u00e7ougueiro, foi preso pela Pol\u00edcia Civil, sob a acusa\u00e7\u00e3o roubo de gado e abate clandestino.<\/p>\n<p>A pris\u00e3o foi decretada pela justi\u00e7a, mas o protegido do prefeito acabou sendo flagrado com uma caminhonete cheia de carne de abate clandestino, que seria entregue nas escolas municipais, para ser consumida pelos alunos.<\/p>\n<p>Gild\u00e1sio A\u00e7ougueiro e Dadai do Biscoito, aquele do peixe podre, s\u00e3o duas pragas que j\u00e1 deveriam ter sido afastados das licita\u00e7\u00f5es da prefeitura, mas continuam contando com o apoio e coniv\u00eancia do prefeito e secret\u00e1rios municipais.<\/p>\n<p><strong><em>Por Davi Ferraz<\/em><\/strong><\/p>\n<p><img decoding=\"async\" class=\"aligncenter\" src=\"http:\/\/www.sudoestehoje.com.br\/novoportal\/wp-content\/uploads\/2015\/04\/skala-500x167.jpg\" alt=\"skala\" \/><\/p>\n","protected":false},"excerpt":{"rendered":"<p>Poucas hora depois da secret\u00e1ria Sibele Nery afirmar, na C\u00e2mara Municipal, que a merenda das escolas municipais \u00e9 de &#8220;alt\u00edssima qualidade&#8221;, o principal fornecedor de carnes da prefeitura, Gild\u00e1sio A\u00e7ougueiro, foi preso pela Pol\u00edcia Civil, sob a acusa\u00e7\u00e3o roubo de gado e abate clandestino. A pris\u00e3o foi decretada pela justi\u00e7a, mas o protegido do prefeito [&hellip;]<\/p>\n","protected":false},"author":2,"featured_media":0,"comment_status":"open","ping_status":"open","sticky":false,"template":"","format":"standard","meta":{"footnotes":"","_links_to":"","_links_to_target":""},"categories":[1],"tags":[],"class_list":["post-48981","post","type-post","status-publish","format-standard","hentry","category-geral"],"views":1797,"_links":{"self":[{"href":"https:\/\/www.sudoestehoje.com.br\/novoportal\/wp-json\/wp\/v2\/posts\/48981","targetHints":{"allow":["GET"]}}],"collection":[{"href":"https:\/\/www.sudoestehoje.com.br\/novoportal\/wp-json\/wp\/v2\/posts"}],"about":[{"href":"https:\/\/www.sudoestehoje.com.br\/novoportal\/wp-json\/wp\/v2\/types\/post"}],"author":[{"embeddable":true,"href":"https:\/\/www.sudoestehoje.com.br\/novoportal\/wp-json\/wp\/v2\/users\/2"}],"replies":[{"embeddable":true,"href":"https:\/\/www.sudoestehoje.com.br\/novoportal\/wp-json\/wp\/v2\/comments?post=48981"}],"version-history":[{"count":4,"href":"https:\/\/www.sudoestehoje.com.br\/novoportal\/wp-json\/wp\/v2\/posts\/48981\/revisions"}],"predecessor-version":[{"id":49025,"href":"https:\/\/www.sudoestehoje.com.br\/novoportal\/wp-json\/wp\/v2\/posts\/48981\/revisions\/49025"}],"wp:attachment":[{"href":"https:\/\/www.sudoestehoje.com.br\/novoportal\/wp-json\/wp\/v2\/media?parent=48981"}],"wp:term":[{"taxonomy":"category","embeddable":true,"href":"https:\/\/www.sudoestehoje.com.br\/novoportal\/wp-json\/wp\/v2\/categories?post=48981"},{"taxonomy":"post_tag","embeddable":true,"href":"https:\/\/www.sudoestehoje.com.br\/novoportal\/wp-json\/wp\/v2\/tags?post=48981"}],"curies":[{"name":"wp","href":"https:\/\/api.w.org\/{rel}","templated":true}]}}