
{"id":4897,"date":"2011-05-11T17:52:08","date_gmt":"2011-05-11T20:52:08","guid":{"rendered":"http:\/\/www.sudoestehoje.com.br\/novoportal\/?p=4897"},"modified":"2011-05-11T17:52:08","modified_gmt":"2011-05-11T20:52:08","slug":"sandro-regis-comemora-ampliacao-da-licenca-maternidade","status":"publish","type":"post","link":"https:\/\/www.sudoestehoje.com.br\/novoportal\/2011\/05\/11\/sandro-regis-comemora-ampliacao-da-licenca-maternidade\/","title":{"rendered":"SANDRO R\u00c9GIS COMEMORA AMPLIA\u00c7\u00c3O DA LICEN\u00c7A MATERNIDADE"},"content":{"rendered":"<p style=\"text-align: center;\"><img loading=\"lazy\" decoding=\"async\" class=\"aligncenter\" src=\"http:\/\/www.bahianoticias.com.br\/fotos\/editor\/Image\/FOTOS%20NOVAS\/sandro_regis_gabinete_foto-divulgacao.JPG\" alt=\"\" width=\"254\" height=\"350\" \/><br \/>\n<em><strong>Sandro R\u00e9gis foi autor do projeto que estende licen\u00e7a de seis meses a servidoras estaduais <\/strong><\/em><\/p>\n<p>\u00a0<\/p>\n<p>O deputado Sandro R\u00e9gis (PR) comemorou nesta quarta-feira (11) a aprova\u00e7\u00e3o do projeto de lei que amplia para seis meses o prazo da licen\u00e7a maternidade para as servidoras estaduais <a href=\"http:\/\/www.bahianoticias.com.br\/noticias\/noticia\/2011\/05\/11\/93759,al-ba-aprova-licenca-maternidade-para-servidoras.html\" target=\"_blank\"><strong>(ver nota)<\/strong><\/a>. Autor, em mar\u00e7o de 2009, de\u00a0medida semelhante \u00e0 ratificada nesta ter\u00e7a (10) em plen\u00e1rio,\u00a0o parlamentar considerou importante a extens\u00e3o do benef\u00edcio \u00e0s funcion\u00e1rias p\u00fablicas da Bahia. \u201cFiquei muito satisfeito, pois \u00e9 um reconhecimento \u00e0 import\u00e2ncia do acompanhamento da m\u00e3e \u00e0s crian\u00e7as em seus primeiros anos de vida\u201d, declarou ao Bahia Not\u00edcias. Na sua proposi\u00e7\u00e3o apresentada \u00e0 Assembleia Legislativa, o republicano justificava que \u201cao defender o aleitamento materno exclusivo durante os seis primeiros meses de vida, o Brasil revelou sensibilidade diante de uma exig\u00eancia crucial para a alimenta\u00e7\u00e3o saud\u00e1vel no primeiro ano de vida\u201d.<\/p>\n","protected":false},"excerpt":{"rendered":"<p>Sandro R\u00e9gis foi autor do projeto que estende licen\u00e7a de seis meses a servidoras estaduais \u00a0 O deputado Sandro R\u00e9gis (PR) comemorou nesta quarta-feira (11) a aprova\u00e7\u00e3o do projeto de lei que amplia para seis meses o prazo da licen\u00e7a maternidade para as servidoras estaduais (ver nota). Autor, em mar\u00e7o de 2009, de\u00a0medida semelhante \u00e0 [&hellip;]<\/p>\n","protected":false},"author":2,"featured_media":0,"comment_status":"open","ping_status":"open","sticky":false,"template":"","format":"standard","meta":{"footnotes":"","_links_to":"","_links_to_target":""},"categories":[1],"tags":[],"class_list":["post-4897","post","type-post","status-publish","format-standard","hentry","category-geral"],"views":1413,"_links":{"self":[{"href":"https:\/\/www.sudoestehoje.com.br\/novoportal\/wp-json\/wp\/v2\/posts\/4897","targetHints":{"allow":["GET"]}}],"collection":[{"href":"https:\/\/www.sudoestehoje.com.br\/novoportal\/wp-json\/wp\/v2\/posts"}],"about":[{"href":"https:\/\/www.sudoestehoje.com.br\/novoportal\/wp-json\/wp\/v2\/types\/post"}],"author":[{"embeddable":true,"href":"https:\/\/www.sudoestehoje.com.br\/novoportal\/wp-json\/wp\/v2\/users\/2"}],"replies":[{"embeddable":true,"href":"https:\/\/www.sudoestehoje.com.br\/novoportal\/wp-json\/wp\/v2\/comments?post=4897"}],"version-history":[{"count":2,"href":"https:\/\/www.sudoestehoje.com.br\/novoportal\/wp-json\/wp\/v2\/posts\/4897\/revisions"}],"predecessor-version":[{"id":4899,"href":"https:\/\/www.sudoestehoje.com.br\/novoportal\/wp-json\/wp\/v2\/posts\/4897\/revisions\/4899"}],"wp:attachment":[{"href":"https:\/\/www.sudoestehoje.com.br\/novoportal\/wp-json\/wp\/v2\/media?parent=4897"}],"wp:term":[{"taxonomy":"category","embeddable":true,"href":"https:\/\/www.sudoestehoje.com.br\/novoportal\/wp-json\/wp\/v2\/categories?post=4897"},{"taxonomy":"post_tag","embeddable":true,"href":"https:\/\/www.sudoestehoje.com.br\/novoportal\/wp-json\/wp\/v2\/tags?post=4897"}],"curies":[{"name":"wp","href":"https:\/\/api.w.org\/{rel}","templated":true}]}}