
{"id":48963,"date":"2015-05-08T00:34:14","date_gmt":"2015-05-08T03:34:14","guid":{"rendered":"http:\/\/www.sudoestehoje.com.br\/novoportal\/?p=48963"},"modified":"2015-05-08T00:38:33","modified_gmt":"2015-05-08T03:38:33","slug":"professores-da-uesb-aprovam-greve-a-partir-da-proxima-quarta","status":"publish","type":"post","link":"https:\/\/www.sudoestehoje.com.br\/novoportal\/2015\/05\/08\/professores-da-uesb-aprovam-greve-a-partir-da-proxima-quarta\/","title":{"rendered":"PROFESSORES DA UESB APROVAM GREVE A PARTIR DA PR\u00d3XIMA QUARTA"},"content":{"rendered":"<p><a href=\"http:\/\/www.sudoestehoje.com.br\/novoportal\/wp-content\/uploads\/2015\/05\/RUIM.jpg\"><img loading=\"lazy\" decoding=\"async\" class=\"aligncenter  wp-image-48964\" src=\"http:\/\/www.sudoestehoje.com.br\/novoportal\/wp-content\/uploads\/2015\/05\/RUIM.jpg\" alt=\"RUIM\" width=\"499\" height=\"368\" srcset=\"https:\/\/www.sudoestehoje.com.br\/novoportal\/wp-content\/uploads\/2015\/05\/RUIM.jpg 380w, https:\/\/www.sudoestehoje.com.br\/novoportal\/wp-content\/uploads\/2015\/05\/RUIM-150x111.jpg 150w\" sizes=\"auto, (max-width: 499px) 100vw, 499px\" \/><\/a><\/p>\n<p>Em assembleia realizada nesta quinta-feira (7), a Associa\u00e7\u00e3o de Docentes da Universidade Estadual do Sudoeste da Bahia (Adusb) deflagraram greve da categoria, que conforme o prazo de 72 horas (\u00fateis) estabelecido por lei, come\u00e7ar\u00e1 na pr\u00f3xima quarta-feira (13).<\/p>\n<p>Na reuni\u00e3o, ocorrida na tarde desta quinta-feira, no campus de Itapetinga, os professores da institui\u00e7\u00e3o decidiram j\u00e1 iniciar a quarta de &#8220;port\u00f5es fechados&#8221; e as atividades ser\u00e3o paralisadas por tempo indeterminado.<\/p>\n<p>A decis\u00e3o pela greve acontece ap\u00f3s encontro do F\u00f3rum das Associa\u00e7\u00f5es Docentes (ADs) da Uneb, Uefs, Uesc e Uesb, na qual as quatro universidades aprovaram a indica\u00e7\u00e3o de greve.<\/p>\n<p>O movimento paredista tem como principal reivindica\u00e7\u00e3o o aumento do or\u00e7amento das universidades estaduais para, no m\u00ednimo, 7% da Receita L\u00edquida de Impostos (RLI).<\/p>\n<p><img decoding=\"async\" class=\"aligncenter\" src=\"http:\/\/www.sudoestehoje.com.br\/novoportal\/wp-content\/uploads\/2014\/12\/Banner-Casabella-500x104.jpg\" alt=\"Banner Casabella\" \/><\/p>\n","protected":false},"excerpt":{"rendered":"<p>Em assembleia realizada nesta quinta-feira (7), a Associa\u00e7\u00e3o de Docentes da Universidade Estadual do Sudoeste da Bahia (Adusb) deflagraram greve da categoria, que conforme o prazo de 72 horas (\u00fateis) estabelecido por lei, come\u00e7ar\u00e1 na pr\u00f3xima quarta-feira (13). Na reuni\u00e3o, ocorrida na tarde desta quinta-feira, no campus de Itapetinga, os professores da institui\u00e7\u00e3o decidiram j\u00e1 [&hellip;]<\/p>\n","protected":false},"author":2,"featured_media":0,"comment_status":"open","ping_status":"open","sticky":false,"template":"","format":"standard","meta":{"footnotes":"","_links_to":"","_links_to_target":""},"categories":[1],"tags":[],"class_list":["post-48963","post","type-post","status-publish","format-standard","hentry","category-geral"],"views":1344,"_links":{"self":[{"href":"https:\/\/www.sudoestehoje.com.br\/novoportal\/wp-json\/wp\/v2\/posts\/48963","targetHints":{"allow":["GET"]}}],"collection":[{"href":"https:\/\/www.sudoestehoje.com.br\/novoportal\/wp-json\/wp\/v2\/posts"}],"about":[{"href":"https:\/\/www.sudoestehoje.com.br\/novoportal\/wp-json\/wp\/v2\/types\/post"}],"author":[{"embeddable":true,"href":"https:\/\/www.sudoestehoje.com.br\/novoportal\/wp-json\/wp\/v2\/users\/2"}],"replies":[{"embeddable":true,"href":"https:\/\/www.sudoestehoje.com.br\/novoportal\/wp-json\/wp\/v2\/comments?post=48963"}],"version-history":[{"count":3,"href":"https:\/\/www.sudoestehoje.com.br\/novoportal\/wp-json\/wp\/v2\/posts\/48963\/revisions"}],"predecessor-version":[{"id":48967,"href":"https:\/\/www.sudoestehoje.com.br\/novoportal\/wp-json\/wp\/v2\/posts\/48963\/revisions\/48967"}],"wp:attachment":[{"href":"https:\/\/www.sudoestehoje.com.br\/novoportal\/wp-json\/wp\/v2\/media?parent=48963"}],"wp:term":[{"taxonomy":"category","embeddable":true,"href":"https:\/\/www.sudoestehoje.com.br\/novoportal\/wp-json\/wp\/v2\/categories?post=48963"},{"taxonomy":"post_tag","embeddable":true,"href":"https:\/\/www.sudoestehoje.com.br\/novoportal\/wp-json\/wp\/v2\/tags?post=48963"}],"curies":[{"name":"wp","href":"https:\/\/api.w.org\/{rel}","templated":true}]}}