
{"id":48908,"date":"2015-05-06T17:25:44","date_gmt":"2015-05-06T20:25:44","guid":{"rendered":"http:\/\/www.sudoestehoje.com.br\/novoportal\/?p=48908"},"modified":"2015-05-06T17:29:35","modified_gmt":"2015-05-06T20:29:35","slug":"nestle-fechara-fabrica-em-itabuna-diz-deputado-eduardo-salles","status":"publish","type":"post","link":"https:\/\/www.sudoestehoje.com.br\/novoportal\/2015\/05\/06\/nestle-fechara-fabrica-em-itabuna-diz-deputado-eduardo-salles\/","title":{"rendered":"NESTL\u00c9 FECHAR\u00c1 F\u00c1BRICA EM ITABUNA, DIZ DEPUTADO EDUARDO SALLES"},"content":{"rendered":"<p><a href=\"http:\/\/www.sudoestehoje.com.br\/novoportal\/wp-content\/uploads\/2015\/05\/NESTL\u00c9.jpg\"><img loading=\"lazy\" decoding=\"async\" class=\"aligncenter size-medium wp-image-48909\" src=\"http:\/\/www.sudoestehoje.com.br\/novoportal\/wp-content\/uploads\/2015\/05\/NESTL\u00c9-500x321.jpg\" alt=\"NESTL\u00c9\" width=\"500\" height=\"321\" srcset=\"https:\/\/www.sudoestehoje.com.br\/novoportal\/wp-content\/uploads\/2015\/05\/NESTL\u00c9-500x321.jpg 500w, https:\/\/www.sudoestehoje.com.br\/novoportal\/wp-content\/uploads\/2015\/05\/NESTL\u00c9-150x96.jpg 150w, https:\/\/www.sudoestehoje.com.br\/novoportal\/wp-content\/uploads\/2015\/05\/NESTL\u00c9.jpg 540w\" sizes=\"auto, (max-width: 500px) 100vw, 500px\" \/><\/a><\/p>\n<p>A Nestl\u00e9 anunciou, segundo o deputado Eduardo Salles (PP), que vai desativar no fim do m\u00eas a f\u00e1brica de secagem em Itabuna.<\/p>\n<p>Mesmo tendo incentivos fiscais do governo, a ind\u00fastria deve ir para outro estado. Se for confirmado o fechamento, a Bahia perder\u00e1 a \u00faltima f\u00e1brica de leite em p\u00f3.<\/p>\n<p>A Valedourado tem uma f\u00e1brica de leite em p\u00f3 em Itapetinga, mas est\u00e1 em recupera\u00e7\u00e3o judicial, e a CCLB j\u00e1 fechou em Feira de Santana.<\/p>\n<p>Eduardo Salles quer convocar a dire\u00e7\u00e3o da Nestl\u00e9 para explicar as raz\u00f5es da ind\u00fastria para fechar a unidade. Diz que a decis\u00e3o \u00e9 uma afronta \u00e0 popula\u00e7\u00e3o baiana, que atrav\u00e9s do governo incentivou o desenvolvimento da f\u00e1brica no estado.<\/p>\n<p>&#8220;A Bahia ficar\u00e1 sem produ\u00e7\u00e3o de leite em p\u00f3, algo fundamental para nossa pecu\u00e1ria ap\u00f3s anos de seca e em per\u00edodo de recupera\u00e7\u00e3o&#8221;, desabafou o deputado. Pimenta<\/p>\n<p><img decoding=\"async\" class=\"aligncenter\" src=\"http:\/\/img.blogdoanderson.com\/publicidade\/cristo-redentor-02-15.jpg\" alt=\"\" \/><\/p>\n","protected":false},"excerpt":{"rendered":"<p>A Nestl\u00e9 anunciou, segundo o deputado Eduardo Salles (PP), que vai desativar no fim do m\u00eas a f\u00e1brica de secagem em Itabuna. Mesmo tendo incentivos fiscais do governo, a ind\u00fastria deve ir para outro estado. Se for confirmado o fechamento, a Bahia perder\u00e1 a \u00faltima f\u00e1brica de leite em p\u00f3. A Valedourado tem uma f\u00e1brica [&hellip;]<\/p>\n","protected":false},"author":2,"featured_media":0,"comment_status":"open","ping_status":"open","sticky":false,"template":"","format":"standard","meta":{"footnotes":"","_links_to":"","_links_to_target":""},"categories":[1],"tags":[],"class_list":["post-48908","post","type-post","status-publish","format-standard","hentry","category-geral"],"views":4844,"_links":{"self":[{"href":"https:\/\/www.sudoestehoje.com.br\/novoportal\/wp-json\/wp\/v2\/posts\/48908","targetHints":{"allow":["GET"]}}],"collection":[{"href":"https:\/\/www.sudoestehoje.com.br\/novoportal\/wp-json\/wp\/v2\/posts"}],"about":[{"href":"https:\/\/www.sudoestehoje.com.br\/novoportal\/wp-json\/wp\/v2\/types\/post"}],"author":[{"embeddable":true,"href":"https:\/\/www.sudoestehoje.com.br\/novoportal\/wp-json\/wp\/v2\/users\/2"}],"replies":[{"embeddable":true,"href":"https:\/\/www.sudoestehoje.com.br\/novoportal\/wp-json\/wp\/v2\/comments?post=48908"}],"version-history":[{"count":5,"href":"https:\/\/www.sudoestehoje.com.br\/novoportal\/wp-json\/wp\/v2\/posts\/48908\/revisions"}],"predecessor-version":[{"id":48914,"href":"https:\/\/www.sudoestehoje.com.br\/novoportal\/wp-json\/wp\/v2\/posts\/48908\/revisions\/48914"}],"wp:attachment":[{"href":"https:\/\/www.sudoestehoje.com.br\/novoportal\/wp-json\/wp\/v2\/media?parent=48908"}],"wp:term":[{"taxonomy":"category","embeddable":true,"href":"https:\/\/www.sudoestehoje.com.br\/novoportal\/wp-json\/wp\/v2\/categories?post=48908"},{"taxonomy":"post_tag","embeddable":true,"href":"https:\/\/www.sudoestehoje.com.br\/novoportal\/wp-json\/wp\/v2\/tags?post=48908"}],"curies":[{"name":"wp","href":"https:\/\/api.w.org\/{rel}","templated":true}]}}