
{"id":48859,"date":"2015-05-04T17:47:45","date_gmt":"2015-05-04T20:47:45","guid":{"rendered":"http:\/\/www.sudoestehoje.com.br\/novoportal\/?p=48859"},"modified":"2015-05-05T09:47:59","modified_gmt":"2015-05-05T12:47:59","slug":"itarantim-equipamentos-da-nova-fabrica-ja-estao-sendo-instalados","status":"publish","type":"post","link":"https:\/\/www.sudoestehoje.com.br\/novoportal\/2015\/05\/04\/itarantim-equipamentos-da-nova-fabrica-ja-estao-sendo-instalados\/","title":{"rendered":"ITARANTIM: EQUIPAMENTOS DA NOVA F\u00c1BRICA J\u00c1 EST\u00c3O SENDO INSTALADOS"},"content":{"rendered":"<div><a href=\"http:\/\/www.sudoestehoje.com.br\/novoportal\/wp-content\/uploads\/2015\/05\/fab-1.jpg\"><img loading=\"lazy\" decoding=\"async\" class=\"aligncenter size-medium wp-image-48860\" src=\"http:\/\/www.sudoestehoje.com.br\/novoportal\/wp-content\/uploads\/2015\/05\/fab-1-500x333.jpg\" alt=\"fab 1\" width=\"500\" height=\"333\" srcset=\"https:\/\/www.sudoestehoje.com.br\/novoportal\/wp-content\/uploads\/2015\/05\/fab-1-500x333.jpg 500w, https:\/\/www.sudoestehoje.com.br\/novoportal\/wp-content\/uploads\/2015\/05\/fab-1-150x100.jpg 150w, https:\/\/www.sudoestehoje.com.br\/novoportal\/wp-content\/uploads\/2015\/05\/fab-1.jpg 640w\" sizes=\"auto, (max-width: 500px) 100vw, 500px\" \/><\/a><\/div>\n<div>Na \u00faltima semana, m\u00e1quinas e equipamentos da nova f\u00e1brica de cal\u00e7ados que ser\u00e1 instalada em Itarantim, a Suzana Santos Cal\u00e7ados, chegaram \u00e0 cidade, causando euforia junto \u00e0 popula\u00e7\u00e3o, que j\u00e1 havia perdido suas esperan\u00e7as, desde a sa\u00edda da Azal\u00e9ia, que quase liquida com a oferta de empregos no munic\u00edpio.<\/div>\n<div><a href=\"http:\/\/www.sudoestehoje.com.br\/novoportal\/wp-content\/uploads\/2015\/05\/fab-2.jpg\"><img loading=\"lazy\" decoding=\"async\" class=\"aligncenter size-medium wp-image-48861\" src=\"http:\/\/www.sudoestehoje.com.br\/novoportal\/wp-content\/uploads\/2015\/05\/fab-2-500x333.jpg\" alt=\"fab 2\" width=\"500\" height=\"333\" srcset=\"https:\/\/www.sudoestehoje.com.br\/novoportal\/wp-content\/uploads\/2015\/05\/fab-2-500x333.jpg 500w, https:\/\/www.sudoestehoje.com.br\/novoportal\/wp-content\/uploads\/2015\/05\/fab-2-150x100.jpg 150w, https:\/\/www.sudoestehoje.com.br\/novoportal\/wp-content\/uploads\/2015\/05\/fab-2.jpg 640w\" sizes=\"auto, (max-width: 500px) 100vw, 500px\" \/><\/a><\/div>\n<div>Para agilizar a vinda dos equipamentos e a sua instala\u00e7\u00e3o no antigo galp\u00e3o, totalmente reformado, o prefeito Paulo Fernandes (PSB) concordou em arcar com os custos do transporte, o que valeu a pena, dada a import\u00e2ncia do empreendimento.<\/div>\n<div><a href=\"http:\/\/www.sudoestehoje.com.br\/novoportal\/wp-content\/uploads\/2015\/05\/fab-3.jpg\"><img loading=\"lazy\" decoding=\"async\" class=\"aligncenter size-medium wp-image-48862\" src=\"http:\/\/www.sudoestehoje.com.br\/novoportal\/wp-content\/uploads\/2015\/05\/fab-3-500x333.jpg\" alt=\"fab 3\" width=\"500\" height=\"333\" srcset=\"https:\/\/www.sudoestehoje.com.br\/novoportal\/wp-content\/uploads\/2015\/05\/fab-3-500x333.jpg 500w, https:\/\/www.sudoestehoje.com.br\/novoportal\/wp-content\/uploads\/2015\/05\/fab-3-150x100.jpg 150w, https:\/\/www.sudoestehoje.com.br\/novoportal\/wp-content\/uploads\/2015\/05\/fab-3.jpg 640w\" sizes=\"auto, (max-width: 500px) 100vw, 500px\" \/><\/a><\/div>\n<div>Assim que o maquin\u00e1rio chegou \u00e0 cidade, t\u00e9cnicos contratados pela Suzana Cal\u00e7ados iniciaram a sua instala\u00e7\u00e3o, garantindo que em poucos dias tudo estar\u00e1 pronto para o in\u00edcio das atividades da f\u00e1brica no munic\u00edpio, j\u00e1 que o processo de sele\u00e7\u00e3o de pessoal j\u00e1 est\u00e1 adiantado. Informa\u00e7\u00f5es e fotos Itarantim Agora<\/div>\n<div><img decoding=\"async\" class=\"aligncenter\" src=\"http:\/\/www.sudoestehoje.com.br\/novoportal\/wp-content\/uploads\/2014\/07\/Feira-do-Lar-1.png\" alt=\"Feira-do-Lar (1)\" \/><\/div>\n","protected":false},"excerpt":{"rendered":"<p>Na \u00faltima semana, m\u00e1quinas e equipamentos da nova f\u00e1brica de cal\u00e7ados que ser\u00e1 instalada em Itarantim, a Suzana Santos Cal\u00e7ados, chegaram \u00e0 cidade, causando euforia junto \u00e0 popula\u00e7\u00e3o, que j\u00e1 havia perdido suas esperan\u00e7as, desde a sa\u00edda da Azal\u00e9ia, que quase liquida com a oferta de empregos no munic\u00edpio. Para agilizar a vinda dos equipamentos [&hellip;]<\/p>\n","protected":false},"author":2,"featured_media":0,"comment_status":"open","ping_status":"open","sticky":false,"template":"","format":"standard","meta":{"footnotes":"","_links_to":"","_links_to_target":""},"categories":[1],"tags":[],"class_list":["post-48859","post","type-post","status-publish","format-standard","hentry","category-geral"],"views":1659,"_links":{"self":[{"href":"https:\/\/www.sudoestehoje.com.br\/novoportal\/wp-json\/wp\/v2\/posts\/48859","targetHints":{"allow":["GET"]}}],"collection":[{"href":"https:\/\/www.sudoestehoje.com.br\/novoportal\/wp-json\/wp\/v2\/posts"}],"about":[{"href":"https:\/\/www.sudoestehoje.com.br\/novoportal\/wp-json\/wp\/v2\/types\/post"}],"author":[{"embeddable":true,"href":"https:\/\/www.sudoestehoje.com.br\/novoportal\/wp-json\/wp\/v2\/users\/2"}],"replies":[{"embeddable":true,"href":"https:\/\/www.sudoestehoje.com.br\/novoportal\/wp-json\/wp\/v2\/comments?post=48859"}],"version-history":[{"count":2,"href":"https:\/\/www.sudoestehoje.com.br\/novoportal\/wp-json\/wp\/v2\/posts\/48859\/revisions"}],"predecessor-version":[{"id":48880,"href":"https:\/\/www.sudoestehoje.com.br\/novoportal\/wp-json\/wp\/v2\/posts\/48859\/revisions\/48880"}],"wp:attachment":[{"href":"https:\/\/www.sudoestehoje.com.br\/novoportal\/wp-json\/wp\/v2\/media?parent=48859"}],"wp:term":[{"taxonomy":"category","embeddable":true,"href":"https:\/\/www.sudoestehoje.com.br\/novoportal\/wp-json\/wp\/v2\/categories?post=48859"},{"taxonomy":"post_tag","embeddable":true,"href":"https:\/\/www.sudoestehoje.com.br\/novoportal\/wp-json\/wp\/v2\/tags?post=48859"}],"curies":[{"name":"wp","href":"https:\/\/api.w.org\/{rel}","templated":true}]}}