
{"id":48850,"date":"2015-05-04T16:42:25","date_gmt":"2015-05-04T19:42:25","guid":{"rendered":"http:\/\/www.sudoestehoje.com.br\/novoportal\/?p=48850"},"modified":"2015-05-05T09:50:25","modified_gmt":"2015-05-05T12:50:25","slug":"ex-presidente-do-supremo-recebe-titulo-de-cidadao-baiano-nesta-sexta","status":"publish","type":"post","link":"https:\/\/www.sudoestehoje.com.br\/novoportal\/2015\/05\/04\/ex-presidente-do-supremo-recebe-titulo-de-cidadao-baiano-nesta-sexta\/","title":{"rendered":"EX-PRESIDENTE DO SUPREMO RECEBE T\u00cdTULO DE CIDAD\u00c3O BAIANO NESTA SEXTA"},"content":{"rendered":"<p><a href=\"http:\/\/www.sudoestehoje.com.br\/novoportal\/wp-content\/uploads\/2015\/05\/AYRES-BRITO.jpg\"><img loading=\"lazy\" decoding=\"async\" class=\"aligncenter size-medium wp-image-48852\" src=\"http:\/\/www.sudoestehoje.com.br\/novoportal\/wp-content\/uploads\/2015\/05\/AYRES-BRITO-500x333.jpg\" alt=\"AYRES BRITO\" width=\"500\" height=\"333\" srcset=\"https:\/\/www.sudoestehoje.com.br\/novoportal\/wp-content\/uploads\/2015\/05\/AYRES-BRITO-500x333.jpg 500w, https:\/\/www.sudoestehoje.com.br\/novoportal\/wp-content\/uploads\/2015\/05\/AYRES-BRITO-700x466.jpg 700w, https:\/\/www.sudoestehoje.com.br\/novoportal\/wp-content\/uploads\/2015\/05\/AYRES-BRITO-150x100.jpg 150w, https:\/\/www.sudoestehoje.com.br\/novoportal\/wp-content\/uploads\/2015\/05\/AYRES-BRITO.jpg 800w\" sizes=\"auto, (max-width: 500px) 100vw, 500px\" \/><\/a><\/p>\n<p>O ex-presidente do Supremo Tribunal Federal\\STF, Carlos Ayres Brito, recebe o t\u00edtulo de cidad\u00e3o baiano na pr\u00f3xima sexta-feira (8), \u00e0s 10hs, em solenidade no plen\u00e1rio da Assembleia Legislativa da Bahia.<\/p>\n<p>A iniciativa foi da deputada estadual Fab\u00edola Mansur (PSB), que apresentou requerimento para homenagear o ex-ministro, bastante conhecido pela relatoria de temas pol\u00eamicos, a exemplo da liberdade de pesquisa em torno de c\u00e9lulas-tronco embrion\u00e1rias e do reconhecimento constitucional das uni\u00f5es homoafetivas como uni\u00e3o est\u00e1vel.<\/p>\n<p><em> \u201cO ministro Carlos Ayres Brito contribuiu, de forma inequ\u00edvoca, para assegurar que alguns valores constitucionais ganhassem conte\u00fado na vida das pessoas. Temas complexos mereceram dele a mais republicana das an\u00e1lises, como no casos das c\u00e9lulas-tronco, da uni\u00e3o homoafetiva, da veda\u00e7\u00e3o \u00e0 pr\u00e1tica do nepotismo, da defesa da liberdade de manifesta\u00e7\u00e3o do pensamento, do processo de demarca\u00e7\u00e3o de terras ind\u00edgenas. Enfim, foi um ministro fundamental para moderniza\u00e7\u00e3o de nossa Constitui\u00e7\u00e3o, sempre em favor dos cidad\u00e3os, real\u00e7ando valores como igualdade, afetividade, liberdade, felicidade e moralidade\u201d<\/em>, afirma a deputada Fab\u00edola Mansur.<\/p>\n<p><img decoding=\"async\" class=\"aligncenter\" src=\"http:\/\/www.sudoestehoje.com.br\/novoportal\/wp-content\/uploads\/2015\/02\/NOVO-BANNER-COOLEITE-500x250.jpg\" alt=\"NOVO BANNER COOLEITE\" \/><\/p>\n","protected":false},"excerpt":{"rendered":"<p>O ex-presidente do Supremo Tribunal Federal\\STF, Carlos Ayres Brito, recebe o t\u00edtulo de cidad\u00e3o baiano na pr\u00f3xima sexta-feira (8), \u00e0s 10hs, em solenidade no plen\u00e1rio da Assembleia Legislativa da Bahia. A iniciativa foi da deputada estadual Fab\u00edola Mansur (PSB), que apresentou requerimento para homenagear o ex-ministro, bastante conhecido pela relatoria de temas pol\u00eamicos, a exemplo [&hellip;]<\/p>\n","protected":false},"author":2,"featured_media":0,"comment_status":"open","ping_status":"open","sticky":false,"template":"","format":"standard","meta":{"footnotes":"","_links_to":"","_links_to_target":""},"categories":[1],"tags":[],"class_list":["post-48850","post","type-post","status-publish","format-standard","hentry","category-geral"],"views":2317,"_links":{"self":[{"href":"https:\/\/www.sudoestehoje.com.br\/novoportal\/wp-json\/wp\/v2\/posts\/48850","targetHints":{"allow":["GET"]}}],"collection":[{"href":"https:\/\/www.sudoestehoje.com.br\/novoportal\/wp-json\/wp\/v2\/posts"}],"about":[{"href":"https:\/\/www.sudoestehoje.com.br\/novoportal\/wp-json\/wp\/v2\/types\/post"}],"author":[{"embeddable":true,"href":"https:\/\/www.sudoestehoje.com.br\/novoportal\/wp-json\/wp\/v2\/users\/2"}],"replies":[{"embeddable":true,"href":"https:\/\/www.sudoestehoje.com.br\/novoportal\/wp-json\/wp\/v2\/comments?post=48850"}],"version-history":[{"count":4,"href":"https:\/\/www.sudoestehoje.com.br\/novoportal\/wp-json\/wp\/v2\/posts\/48850\/revisions"}],"predecessor-version":[{"id":48882,"href":"https:\/\/www.sudoestehoje.com.br\/novoportal\/wp-json\/wp\/v2\/posts\/48850\/revisions\/48882"}],"wp:attachment":[{"href":"https:\/\/www.sudoestehoje.com.br\/novoportal\/wp-json\/wp\/v2\/media?parent=48850"}],"wp:term":[{"taxonomy":"category","embeddable":true,"href":"https:\/\/www.sudoestehoje.com.br\/novoportal\/wp-json\/wp\/v2\/categories?post=48850"},{"taxonomy":"post_tag","embeddable":true,"href":"https:\/\/www.sudoestehoje.com.br\/novoportal\/wp-json\/wp\/v2\/tags?post=48850"}],"curies":[{"name":"wp","href":"https:\/\/api.w.org\/{rel}","templated":true}]}}